{"id":25855,"date":"2024-01-02T12:38:55","date_gmt":"2024-01-02T18:38:55","guid":{"rendered":"https:\/\/diocesisdeyoro.com\/blog\/?p=25855"},"modified":"2024-01-02T12:38:56","modified_gmt":"2024-01-02T18:38:56","slug":"la-navidad-su-verdadero-significado","status":"publish","type":"post","link":"https:\/\/diocesisdeyoro.com\/blog\/?p=25855","title":{"rendered":"La Navidad, su verdadero significado"},"content":{"rendered":"\n<p>Por: Redacci\u00f3n | Fuente: apologeticauniversal.blogspot.com<\/p>\n\n\n\n<p>En estos d\u00edas nuestro mundo est\u00e1 sumergido en una vor\u00e1gine mercantilista que poco tiene de cristiano, recordemos el verdadero significado de la Navidad y preparemos nuestros corazonez como un pesebre adecuado para que Nuestro Se\u00f1or repose en \u00e9l.<\/p>\n\n\n<div class=\"wp-block-image\">\n<figure class=\"aligncenter size-full\"><img loading=\"lazy\" decoding=\"async\" width=\"190\" height=\"199\" src=\"https:\/\/diocesisdeyoro.com\/blog\/wp-content\/uploads\/2024\/01\/image.png\" alt=\"\" class=\"wp-image-25856\"\/><\/figure><\/div>\n\n\n<p>1.- LA FIESTA DE LA NAVIDAD:<\/p>\n\n\n\n<p>La fiesta de Navidad fue instituida por la Iglesia en el siglo IV y es originaria de la Iglesia latina y mas propiamente de la Sede Apost\u00f3lica de Roma.<\/p>\n\n\n\n<p>Por falta de documentos exactos sobre el nacimiento de nuestro Se\u00f1or, no existe una certeza absoluta acerca del a\u00f1o, que algunos escritores sagrados y profanos se\u00f1alan entre el 747 y 749 de la fundaci\u00f3n de Roma (del 7 al 5 A.C.), y del d\u00eda, que han hecho oscilar entre el 25 de marzo y el 17 de diciembre.<\/p>\n\n\n\n<p>Hay pruebas del este griego y del oeste latino donde los cristianos intentaban averiguar la fecha del nacimiento de Cristo mucho antes de que lo empezaran a celebrar de una forma lit\u00fargica, incluso en los siglos II y III. De hecho, las pruebas indican que la atribuci\u00f3n a la fecha de 25 de diciembre fue una consecuencia de los intentos por determinar cu\u00e1ndo se deb\u00eda celebrar su muerte y resurrecci\u00f3n.<\/p>\n\n\n\n<!--more-->\n\n\n\n<p>Para profundizar m\u00e1s sobre este tema, pueden leer el siguiente art\u00edculo:&nbsp;<a href=\"http:\/\/www.es.catholic.net\/sectasapologeticayconversos\/574\/1436\/articulo.php?id=52595\" target=\"_blank\" rel=\"noreferrer noopener\">\u00abCalculando la Navidad: la aut\u00e9ntica historia del 25 de diciembre\u00bb<\/a><\/p>\n\n\n\n<p><strong>2.- EL 25 DE DICIEMBRE Y LA NAVIDAD:<\/strong><\/p>\n\n\n\n<p>La Navidad se celebra el 25 de diciembre, (visitar el enlace del p\u00e1rrafo anterior para m\u00e1s informaci\u00f3n sobre el tema). Navidad no es el 24 de diciembre, es TODO el 25 de diciembre. Eso s\u00ed: Navidad NO ES LA CELEBRACION DE UNA FECHA,\u00a0<strong>SINO DE UN HECHO<\/strong>, el nacimiento del Salvador, evento absolutamente decisivo en la historia de la salvaci\u00f3n. Es entonces una conmemoraci\u00f3n del significado de ese hecho. Se lee en las profec\u00edas:<\/p>\n\n\n\n<blockquote class=\"wp-block-quote is-layout-flow wp-block-quote-is-layout-flow\">\n<p>Porque un ni\u00f1o nos ha nacido, un hijo se nos ha dado; le ponen en el hombro el distintivo del rey y proclaman su nombre: \u00abConsejero admirable, Dios fuerte, Padre que no muere, pr\u00edncipe de la Paz.\u00bb (Is 9, 5)<\/p>\n<\/blockquote>\n\n\n\n<p>Ese hecho fue de tal magnitud que todo el cielo lo celebr\u00f3:<\/p>\n\n\n\n<blockquote class=\"wp-block-quote is-layout-flow wp-block-quote-is-layout-flow\">\n<p>De pronto una multitud de seres celestiales aparecieron junto al \u00e1ngel, y alababan a Dios con estas palabras: \u00abGloria a Dios en lo m\u00e1s alto del cielo y en la tierra paz a los hombres: \u00e9sta es la hora de su gracia\u00bb. (Lc 2, 13-14)<\/p>\n\n\n\n<p><\/p>\n<\/blockquote>\n\n\n\n<p>Nosotros, los beneficiados con este hecho, tenemos no solamente motivos sino una verdadera obligaci\u00f3n de celebrarlo.<\/p>\n\n\n\n<p>Como lo importante es el significado, todo lo anterior se resume en que debemos ser conscientes de que hubo un d\u00eda en el que Dios encarnado lleg\u00f3 a nuestras vidas, las cuales deben estar listas para fructificar bajo su luz (\u00abYo soy la luz del mundo\u00bb dijo Jes\u00fas en Jn 8, 12), de aqu\u00ed que la temporada de adviento sea de penitencia y reflexi\u00f3n (ese es el sentido del color morado en los trajes de los sacerdotes en las misas, el mismo color de la cuaresma). Como dijo el Santo Padre Juan Pablo II:<\/p>\n\n\n\n<blockquote class=\"wp-block-quote is-layout-flow wp-block-quote-is-layout-flow\">\n<p>\u00abJes\u00fas nace para la humanidad que busca libertad y paz; nace para todo hombre oprimido por el pecado, necesitado de salvaci\u00f3n y sediento de esperanza.\u00bb<\/p>\n<\/blockquote>\n\n\n\n<p>3.- LA NAVIDAD CRISTIANA Y LA NAVIDAD CONSUMISTA:<\/p>\n\n\n\n<p>Navidad es una fiesta que est\u00e1 bajo un ataque tremendo en estos \u00faltimos tiempos. Santa Claus ha tomado el lugar de Jes\u00fas-ni\u00f1o y el mall o el centro comercial ha tomado el lugar del templo. Que triste que el Domingo antes de Navidad los estacionamientos de las Iglesias est\u00e9n vac\u00edos y en los centros comerciales sea una haza\u00f1a encontrar un lugar donde estacionar el automovil. Dice la Palabra de Dios:\u00bbDonde est\u00e1 tu tesoro, all\u00ed esta tu coraz\u00f3n\u00bb (Mat.6:21) \u00bfD\u00f3nde est\u00e1 tu coraz\u00f3n? \u00bfEn un centro comercial?\u2026. \u00bfCuando llegue la tribulaci\u00f3n a tu vida, a donde vas a ir a buscar consuelo y paz? \u00bfAl centro comercial?<\/p>\n\n\n\n<p>Navidad es una fiesta de cumplea\u00f1os donde se le compran regalos a todos menos al ni\u00f1o que se festeja. Donde se hace una fiesta y no se invita al homenajeado, donde hoy -tristemente- se trata de que no se mencione el nombre del ni\u00f1o que naci\u00f3, su nombre es Jes\u00fas.<\/p>\n\n\n\n<p>El Ap\u00f3stol Pablo, un hombre que un d\u00eda fue su enemigo y que se rindi\u00f3 a El, dice que: frente a ese nombre se doblar\u00e1 toda rodilla en el cielo, en la tierra, y hasta en el infierno y a este \u00abnombre sobre todo nombre\u00bb lo queremos borrar de nuestras vidas.<\/p>\n\n\n\n<p>Para m\u00e1s confusi\u00f3n y desconsuelo en los \u00faltimos a\u00f1os, hemos visto surgir ciertos lideres de distintas denominaciones cristianas que se han sumado a la campa\u00f1a de enemigos de la Navidad. Ellos, desde estaciones radiales gritan: \u00a1Es una fiesta pagana!, y basan su \u00abguerra santa\u00bb contra la celebraci\u00f3n del nacimiento de Jes\u00fas, en la creencia de que en la antigua Roma ese d\u00eda la fiesta del \u00absol invicto\u00bb&#8230; al diablo no le faltan \u00abcasualidades\u00bb. Otros estudiosos de la Palabra de Dios reclaman que Jes\u00fas no naci\u00f3 en esta fecha y proponen como soluci\u00f3n al tema el olvidarse de esta fiesta. Pobres predicadores que quieren privar al cristianismo de lo m\u00e1s hermoso de Aquel que le dio vida, la sensibilidad.<\/p>\n\n\n\n<p>Para los que unen sus fuerzas con el enemigo aclaremos algunos puntos:<\/p>\n\n\n\n<p>Los cristianos no celebramos fechas, celebramos hechos. Nosotros nos alegramos y celebramos el hecho de Aquel que no cabe en el universo quiso nacer de una virgen en este peque\u00f1o planeta del inmenso universo para reconciliar al hombre con su Creador.<\/p>\n\n\n\n<p>Como todo hecho neotestamentario, la Navidad tiene precedencia b\u00edblica. Inclusive, el d\u00eda 25 de Diciembre ya era celebrado en el antiguo pacto.<\/p>\n\n\n\n<p>En 1 Macabeos 4, 52-53 leemos:<br>\u00ab52 El d\u00eda veinticinco del noveno mes, llamado Quisleu, del a\u00f1o ciento cuarenta y ocho, se levantaron al despuntar el alba y ofrecieron un sacrificio conforme a la Ley, sobre el nuevo altar de los holocaustos que hab\u00edan erigido\u00bb<\/p>\n\n\n\n<p>Obviamente los no cat\u00f3licos no incluyen este libro en su canon, no lo consideran libro de inspiraci\u00f3n divina, pero no pueden negar su valor hist\u00f3rico.<\/p>\n\n\n\n<p>Judas Macabeo y sus hermanos ordenaron a los sacerdotes que purificaran el santuario y echaran fuera el altar profanado. En su lugar se edific\u00f3 un nuevo altar y en la madrugada del 25 de Quisleu, correspondiente a nuestro mes de diciembre, fue consagrado. La fachada del templo fue adornada, se encendieron luces y fue grande la alegr\u00eda en el pueblo.<\/p>\n\n\n\n<p>Tambi\u00e9n en la madrugada del 25 de quisleu, los cristianos celebramos el nacimiento de Jes\u00fas. As\u00ed como el altar profanado fue echado fuera y se construy\u00f3 un altar nuevo, as\u00ed tambi\u00e9n el sacrificio antiguo y una ley profanada por preceptos humanos fueron anulados con el nacimiento del Mes\u00edas y un nuevo altar con un sacrificio perfecto fue instaurado para regocijo y salvaci\u00f3n de toda la humanidad.<\/p>\n\n\n\n<p>Este es el verdadero sentido de la Navidad, cuyo centro es Jes\u00fas y no un evento comercial o una fiesta pagana. Rescatemos la Navidad para Cristo y cantemos con los \u00e1ngeles de Bel\u00e9n: \u00abGloria a Dios en las alturas y Paz en la tierra a los hombres que conf\u00edan en \u00c9l.\u00bb<\/p>\n\n\n\n<p>\u00bfHemos de limitarnos a llenarnos de signos exteriores, como hermosos adornos, guirnaldas y enormes \u00e1rboles de navidad?, \u00bfhemos de limitarnos a servir opulentas cenas y entregar costosos regalos?, \u00bfhemos de limitarnos a arreglarnos y vestirnos lo mejor que podamos?, todo eso tan s\u00f3lo son adornos para el exterior.<\/p>\n\n\n\n<p>Recordemos lo que el Se\u00f1or Jes\u00fas nos dijo:<\/p>\n\n\n\n<blockquote class=\"wp-block-quote is-layout-flow wp-block-quote-is-layout-flow\">\n<p>\u00abCuiden de ustedes mismos, no sea que la vida depravada, las borracheras o las preocupaciones de este mundo los vuelvan interiormente torpes y ese d\u00eda caiga sobre ustedes de improviso&#8230;\u00bb Lucas 21, 34<\/p>\n\n\n\n<p>\u00ab\u00a1Ay de ustedes, maestros de la Ley y fariseos, que son unos hip\u00f3critas! Ustedes son como sepulcros bien pintados, que se ven maravillosos, pero que por dentro est\u00e1n llenos de huesos y de toda clase de podredumbre. Ustedes tambi\u00e9n aparentan como que fueran personas muy correctas, pero en su interior est\u00e1n llenos de falsedad y de maldad. \u00bb (Mt 23, 27-28)<\/p>\n\n\n\n<p>\u00abEl Se\u00f1or le dijo: \u00abAs\u00ed son ustedes, los fariseos. Ustedes limpian por fuera las copas y platos, pero el interior de ustedes est\u00e1 lleno de rapi\u00f1as y perversidades. \u00a1Insensatos! \u00bb (Lc 11, 39-40)<\/p>\n<\/blockquote>\n\n\n\n<p>La dureza de la expresi\u00f3n es significativa, porque el que se concentra tan s\u00f3lo en lo exterior, est\u00e1 irrespetando a Dios, siendo que lo sensato es preparar nuestro coraz\u00f3n para que el Se\u00f1or venga, hacer renovaci\u00f3n de nuestro interior, renovaci\u00f3n que no es posible sin el Se\u00f1or. Por eso pide el salmista:<\/p>\n\n\n\n<blockquote class=\"wp-block-quote is-layout-flow wp-block-quote-is-layout-flow\">\n<p>\u00abCrea en m\u00ed, oh Dios, un coraz\u00f3n puro, renueva en mi interior un firme esp\u00edritu.\u00bb (Sal 51, 12)<\/p>\n<\/blockquote>\n\n\n\n<p>Y es que el Se\u00f1or no rechaza el coraz\u00f3n que se convierte honestamente:<\/p>\n\n\n\n<blockquote class=\"wp-block-quote is-layout-flow wp-block-quote-is-layout-flow\">\n<p>\u00abMi esp\u00edritu quebrantado a Dios ofrecer\u00e9, pues no desde\u00f1as a un coraz\u00f3n contrito.\u00bb (Sal 51, 19)<\/p>\n<\/blockquote>\n\n\n\n<p>En fin, que esta temporada de Adviento camino de la Navidad, y la Navidad misma, sean ocasi\u00f3n especial para que el Se\u00f1or nos regale un coraz\u00f3n sensato:<\/p>\n\n\n\n<blockquote class=\"wp-block-quote is-layout-flow wp-block-quote-is-layout-flow\">\n<p>\u00abEns\u00e9\u00f1anos lo que valen nuestros d\u00edas, para que adquiramos un coraz\u00f3n sensato.\u00bb (Sal 90, 12)<\/p>\n\n\n\n<p>\u00abLes dar\u00e9 un coraz\u00f3n nuevo y pondr\u00e9 en su interior un esp\u00edritu nuevo. Quitar\u00e9 de su carne su coraz\u00f3n de piedra y les dar\u00e9 un coraz\u00f3n de carne. As\u00ed caminar\u00e1n seg\u00fan mis mandamientos, observar\u00e1n mis leyes y las pondr\u00e1n en pr\u00e1ctica; entonces ser\u00e1n mi pueblo y yo ser\u00e9 su Dios.\u00bb (Ez 11, 19-20)<\/p>\n<\/blockquote>\n\n\n\n<p>As\u00ed es que tiene sentido la Navidad. As\u00ed es que tienen sentido los adornos y las celebraciones, pero en la sencillez que gusta al Se\u00f1or que es la que conviene a nuestra naturaleza y todo como testigos de una realidad eterna y no pasajera.<\/p>\n\n\n\n<p>Que esta Navidad sea otra ocasi\u00f3n para el nacimiento de Jes\u00fas pero en nuestro coraz\u00f3n, lo que supone que nazcamos a la nueva vida como El mismo nos lo ense\u00f1\u00f3:<\/p>\n\n\n\n<blockquote class=\"wp-block-quote is-layout-flow wp-block-quote-is-layout-flow\">\n<p>\u00abEn verdad te digo que nadie puede ver el Reino de Dios si no nace de nuevo desde arriba\u00bb. Nicodemo le dijo: \u00ab\u00bfC\u00f3mo renacer\u00e1 el hombre ya viejo? \u00bfQui\u00e9n volver\u00e1 al vientre de su madre para nacer otra vez?\u00bb Jes\u00fas le contest\u00f3: \u00abEn verdad te digo: El que no renace del agua y del Esp\u00edritu no puede entrar en el Reino de Dios. Lo que nace de la carne es carne, y lo que nace del Esp\u00edritu es esp\u00edritu\u00bb. (Jn 3, 4-6)<\/p>\n<\/blockquote>\n","protected":false},"excerpt":{"rendered":"<p>Por: Redacci\u00f3n | Fuente: apologeticauniversal.blogspot.com En estos d\u00edas nuestro mundo est\u00e1 sumergido en una vor\u00e1gine mercantilista que poco tiene de cristiano, recordemos el verdadero significado de la Navidad y preparemos &hellip; <a class=\"readmore\" href=\"https:\/\/diocesisdeyoro.com\/blog\/?p=25855\">Seguir leyendo &rarr;<\/a><\/p>\n","protected":false},"author":3,"featured_media":0,"comment_status":"open","ping_status":"open","sticky":false,"template":"","format":"standard","meta":{"_themeisle_gutenberg_block_has_review":false,"footnotes":""},"categories":[2],"tags":[],"class_list":["post-25855","post","type-post","status-publish","format-standard","hentry","category-avisos"],"_links":{"self":[{"href":"https:\/\/diocesisdeyoro.com\/blog\/index.php?rest_route=\/wp\/v2\/posts\/25855","targetHints":{"allow":["GET"]}}],"collection":[{"href":"https:\/\/diocesisdeyoro.com\/blog\/index.php?rest_route=\/wp\/v2\/posts"}],"about":[{"href":"https:\/\/diocesisdeyoro.com\/blog\/index.php?rest_route=\/wp\/v2\/types\/post"}],"author":[{"embeddable":true,"href":"https:\/\/diocesisdeyoro.com\/blog\/index.php?rest_route=\/wp\/v2\/users\/3"}],"replies":[{"embeddable":true,"href":"https:\/\/diocesisdeyoro.com\/blog\/index.php?rest_route=%2Fwp%2Fv2%2Fcomments&post=25855"}],"version-history":[{"count":1,"href":"https:\/\/diocesisdeyoro.com\/blog\/index.php?rest_route=\/wp\/v2\/posts\/25855\/revisions"}],"predecessor-version":[{"id":25857,"href":"https:\/\/diocesisdeyoro.com\/blog\/index.php?rest_route=\/wp\/v2\/posts\/25855\/revisions\/25857"}],"wp:attachment":[{"href":"https:\/\/diocesisdeyoro.com\/blog\/index.php?rest_route=%2Fwp%2Fv2%2Fmedia&parent=25855"}],"wp:term":[{"taxonomy":"category","embeddable":true,"href":"https:\/\/diocesisdeyoro.com\/blog\/index.php?rest_route=%2Fwp%2Fv2%2Fcategories&post=25855"},{"taxonomy":"post_tag","embeddable":true,"href":"https:\/\/diocesisdeyoro.com\/blog\/index.php?rest_route=%2Fwp%2Fv2%2Ftags&post=25855"}],"curies":[{"name":"wp","href":"https:\/\/api.w.org\/{rel}","templated":true}]}}