{"id":25858,"date":"2024-01-05T12:35:09","date_gmt":"2024-01-05T18:35:09","guid":{"rendered":"https:\/\/diocesisdeyoro.com\/blog\/?p=25858"},"modified":"2024-01-05T12:35:10","modified_gmt":"2024-01-05T18:35:10","slug":"ano-nuevo-2024-el-papa-francisco-alienta-a-vivir-con-gratitud-y-esperanza-cristianas-y-no-mundanas","status":"publish","type":"post","link":"https:\/\/diocesisdeyoro.com\/blog\/?p=25858","title":{"rendered":"A\u00f1o Nuevo 2024: El Papa Francisco alienta a vivir con gratitud y esperanza cristianas y no mundanas"},"content":{"rendered":"\n<blockquote class=\"wp-block-quote is-layout-flow wp-block-quote-is-layout-flow\">\n<p>Por David Ramos<\/p>\n<cite>31 de diciembre de 2023 \/ 12:45 PM<\/cite><\/blockquote>\n\n\n\n<p>Horas antes del inicio del A\u00f1o Nuevo 2024, el Papa Francisco alent\u00f3 a vivir esta \u00faltima noche del a\u00f1o \u201cde forma distinta a la mentalidad mundana\u201d, con la gratitud y esperanza cristiana que vienen de la relaci\u00f3n \u201ccon Dios y con los hermanos\u201d.<\/p>\n\n\n\n<!--more-->\n\n\n\n<p>Al celebrar las V\u00edsperas de la Solemnidad de Mar\u00eda Sant\u00edsima Madre de Dios, y el Te Deum de acci\u00f3n de gracias de fin de a\u00f1o en la Bas\u00edlica de San Pedro del Vaticano, el Papa destac\u00f3 que \u201cla fe nos permite vivir esta hora de forma distinta a la mentalidad mundana\u201d.<\/p>\n\n\n\n<p>\u201cLa fe en Jesucristo, Dios encarnado, nacido de la Virgen Mar\u00eda, da una nueva forma de sentir el tiempo y la vida. Lo resumir\u00e9 en dos palabras:\u00a0<em>gratitud<\/em>\u00a0y\u00a0<em>esperanza<\/em>\u201d, se\u00f1al\u00f3.<\/p>\n\n\n\n<p>\u201cAlgunos dir\u00e1n: \u2018Pero \u00bfno es eso lo que hace todo el mundo en esta \u00faltima noche del a\u00f1o? Todo el mundo da gracias, todo el mundo espera, sea creyente o no\u2019. Tal vez lo parezca, y tal vez lo sea. Pero, en realidad, la gratitud mundana, la esperanza mundana son aparentes; les falta la dimensi\u00f3n esencial que es la relaci\u00f3n con el Otro y con los dem\u00e1s, con Dios y con los hermanos\u201d.\u201cEn cambio, en esta Liturgia se respira otra atm\u00f3sfera: la de la alabanza, de asombro, la de la gratitud. Y esto sucede no por la majestuosidad de la Bas\u00edlica, no por las luces y los cantos; estas cosas son m\u00e1s bien la consecuencia, sino por el Misterio que la ant\u00edfona del primer salmo expresaba as\u00ed: \u2018\u00a1Maravilloso intercambio! El Creador tom\u00f3 un alma y un cuerpo, naci\u00f3 de una virgen; [\u2026] nos da su divinidad\u2019\u201d.Esa gratitud y esperanza mundanas, se\u00f1al\u00f3, \u201cest\u00e1n aplastadas sobre el yo, sobre sus intereses, y por eso les falta el aliento, no van m\u00e1s all\u00e1 de la satisfacci\u00f3n y el optimismo\u201d. El Santo Padre resalt\u00f3 que \u201cla Liturgia nos hace entrar en los sentimientos de la Iglesia; y la Iglesia, por as\u00ed decirlo, los aprende de la Virgen Madre\u201d. \u201cPensemos en la gratitud que debi\u00f3 de sentir Mar\u00eda al contemplar a Jes\u00fas reci\u00e9n nacido. Es una experiencia que s\u00f3lo puede tener una madre, y sin embargo, en ella, la Madre de Dios, tiene una profundidad \u00fanica, incomparable\u201d, indic\u00f3. \u201cMar\u00eda sabe, ella s\u00f3lo con Jos\u00e9, de d\u00f3nde viene ese Ni\u00f1o. Sin embargo, \u00c9l ah\u00ed est\u00e1, respirando, llorando, necesitando de comer, ser cubierto, cuidado. El Misterio da espacio a la gratitud, que surge de la contemplaci\u00f3n del don en la gratuidad, mientras se ahoga en la ansiedad del tener y del parecer\u201d. El Papa Francisco subray\u00f3 que \u201cla Iglesia aprende la gratitud de la Virgen Madre. Y aprende tambi\u00e9n la esperanza\u201d. \u201cLo de Mar\u00eda y de la Iglesia no es optimismo, es otra cosa: es fe en Dios que es fiel a sus promesas; y esta fe toma la forma de esperanza en la dimensi\u00f3n del tiempo, podr\u00edamos decir \u2018en camino\u2019. El cristiano, como Mar\u00eda, es un peregrino de esperanza. Y este ser\u00e1 el tema del Jubileo de 2025: \u2018Peregrinos de la esperanza\u2019\u201d, indic\u00f3. Al referirse en especial al Jubileo de 2025, que comenzar\u00e1 con la apertura de la Puerta Santa de la Bas\u00edlica de San Pedro en diciembre de 2024, el Santo Padre alent\u00f3 a trabajar \u201ccada uno en su \u00e1mbito\u201d para que Roma \u201csea signo de esperanza para quienes viven en ella y para quienes la visitan\u201d.<\/p>\n\n\n\n<p><\/p>\n\n\n\n<p><\/p>\n\n\n\n<p><\/p>\n\n\n\n<p><\/p>\n\n\n\n<p><\/p>\n\n\n\n<p><\/p>\n\n\n\n<p><\/p>\n\n\n\n<p><\/p>\n\n\n\n<p><\/p>\n","protected":false},"excerpt":{"rendered":"<p>Por David Ramos 31 de diciembre de 2023 \/ 12:45 PM Horas antes del inicio del A\u00f1o Nuevo 2024, el Papa Francisco alent\u00f3 a vivir esta \u00faltima noche del a\u00f1o &hellip; <a class=\"readmore\" href=\"https:\/\/diocesisdeyoro.com\/blog\/?p=25858\">Seguir leyendo &rarr;<\/a><\/p>\n","protected":false},"author":3,"featured_media":0,"comment_status":"open","ping_status":"open","sticky":false,"template":"","format":"standard","meta":{"_themeisle_gutenberg_block_has_review":false,"footnotes":""},"categories":[2],"tags":[],"class_list":["post-25858","post","type-post","status-publish","format-standard","hentry","category-avisos"],"_links":{"self":[{"href":"https:\/\/diocesisdeyoro.com\/blog\/index.php?rest_route=\/wp\/v2\/posts\/25858","targetHints":{"allow":["GET"]}}],"collection":[{"href":"https:\/\/diocesisdeyoro.com\/blog\/index.php?rest_route=\/wp\/v2\/posts"}],"about":[{"href":"https:\/\/diocesisdeyoro.com\/blog\/index.php?rest_route=\/wp\/v2\/types\/post"}],"author":[{"embeddable":true,"href":"https:\/\/diocesisdeyoro.com\/blog\/index.php?rest_route=\/wp\/v2\/users\/3"}],"replies":[{"embeddable":true,"href":"https:\/\/diocesisdeyoro.com\/blog\/index.php?rest_route=%2Fwp%2Fv2%2Fcomments&post=25858"}],"version-history":[{"count":1,"href":"https:\/\/diocesisdeyoro.com\/blog\/index.php?rest_route=\/wp\/v2\/posts\/25858\/revisions"}],"predecessor-version":[{"id":25859,"href":"https:\/\/diocesisdeyoro.com\/blog\/index.php?rest_route=\/wp\/v2\/posts\/25858\/revisions\/25859"}],"wp:attachment":[{"href":"https:\/\/diocesisdeyoro.com\/blog\/index.php?rest_route=%2Fwp%2Fv2%2Fmedia&parent=25858"}],"wp:term":[{"taxonomy":"category","embeddable":true,"href":"https:\/\/diocesisdeyoro.com\/blog\/index.php?rest_route=%2Fwp%2Fv2%2Fcategories&post=25858"},{"taxonomy":"post_tag","embeddable":true,"href":"https:\/\/diocesisdeyoro.com\/blog\/index.php?rest_route=%2Fwp%2Fv2%2Ftags&post=25858"}],"curies":[{"name":"wp","href":"https:\/\/api.w.org\/{rel}","templated":true}]}}