{"id":25864,"date":"2024-01-05T12:53:59","date_gmt":"2024-01-05T18:53:59","guid":{"rendered":"https:\/\/diocesisdeyoro.com\/blog\/?p=25864"},"modified":"2024-01-05T12:54:46","modified_gmt":"2024-01-05T18:54:46","slug":"cuando-pasan-los-reyes-magos-en-2024-y-cual-es-el-origen-de-la-tradicion","status":"publish","type":"post","link":"https:\/\/diocesisdeyoro.com\/blog\/?p=25864","title":{"rendered":"Cu\u00e1ndo pasan los reyes magos en 2024 y cu\u00e1l es el origen de la tradici\u00f3n"},"content":{"rendered":"\n<blockquote class=\"wp-block-quote is-layout-flow wp-block-quote-is-layout-flow\">\n<p><a href=\"https:\/\/www.noticiasdeljardin.com.ar\/2023\/12\/31\/cuando-pasan-los-reyes-magos-en-2024-y-cual-es-el-origen-de-la-tradicion\/#:~:text=La%20celebraci%C3%B3n%20de%20los%20reyes%20magos%20tiene%20lugar,cap%C3%ADtulo%202%2C%20vers%C3%ADculos%201-12%2C%20en%20el%20Nuevo%20Testamento.\">Cu\u00e1ndo pasan los reyes magos en 2024 y cu\u00e1l es el origen de la tradici\u00f3n \u2013 NOTICIAS DEL JARD\u00cdN (noticiasdeljardin.com.ar)<\/a><\/p>\n<cite>31\/12\/2023 J.N.<\/cite><\/blockquote>\n\n\n<div class=\"wp-block-image\">\n<figure class=\"aligncenter size-full\"><img loading=\"lazy\" decoding=\"async\" width=\"300\" height=\"169\" src=\"https:\/\/diocesisdeyoro.com\/blog\/wp-content\/uploads\/2024\/01\/image-1.png\" alt=\"\" class=\"wp-image-25865\"\/><\/figure><\/div>\n\n\n<p><a href=\"https:\/\/www.noticiasdeljardin.com.ar\/2023\/12\/31\/cuando-pasan-los-reyes-magos-en-2024-y-cual-es-el-origen-de-la-tradicion\/#:~:text=La%20celebraci%C3%B3n%20de%20los%20reyes%20magos%20tiene%20lugar,cap%C3%ADtulo%202%2C%20vers%C3%ADculos%201-12%2C%20en%20el%20Nuevo%20Testamento.\">Cu\u00e1ndo pasan los reyes magos en 2024 y cu\u00e1l es el origen de la tradici\u00f3n \u2013 NOTICIAS DEL JARD\u00cdN (noticiasdeljardin.com.ar)<\/a><\/p>\n\n\n\n<p><\/p>\n","protected":false},"excerpt":{"rendered":"<p>Cu\u00e1ndo pasan los reyes magos en 2024 y cu\u00e1l es el origen de la tradici\u00f3n \u2013 NOTICIAS DEL JARD\u00cdN (noticiasdeljardin.com.ar) 31\/12\/2023 J.N. Cu\u00e1ndo pasan los reyes magos en 2024 y &hellip; <a class=\"readmore\" href=\"https:\/\/diocesisdeyoro.com\/blog\/?p=25864\">Seguir leyendo &rarr;<\/a><\/p>\n","protected":false},"author":3,"featured_media":0,"comment_status":"open","ping_status":"open","sticky":false,"template":"","format":"standard","meta":{"_themeisle_gutenberg_block_has_review":false,"footnotes":""},"categories":[2],"tags":[],"class_list":["post-25864","post","type-post","status-publish","format-standard","hentry","category-avisos"],"_links":{"self":[{"href":"https:\/\/diocesisdeyoro.com\/blog\/index.php?rest_route=\/wp\/v2\/posts\/25864","targetHints":{"allow":["GET"]}}],"collection":[{"href":"https:\/\/diocesisdeyoro.com\/blog\/index.php?rest_route=\/wp\/v2\/posts"}],"about":[{"href":"https:\/\/diocesisdeyoro.com\/blog\/index.php?rest_route=\/wp\/v2\/types\/post"}],"author":[{"embeddable":true,"href":"https:\/\/diocesisdeyoro.com\/blog\/index.php?rest_route=\/wp\/v2\/users\/3"}],"replies":[{"embeddable":true,"href":"https:\/\/diocesisdeyoro.com\/blog\/index.php?rest_route=%2Fwp%2Fv2%2Fcomments&post=25864"}],"version-history":[{"count":2,"href":"https:\/\/diocesisdeyoro.com\/blog\/index.php?rest_route=\/wp\/v2\/posts\/25864\/revisions"}],"predecessor-version":[{"id":25867,"href":"https:\/\/diocesisdeyoro.com\/blog\/index.php?rest_route=\/wp\/v2\/posts\/25864\/revisions\/25867"}],"wp:attachment":[{"href":"https:\/\/diocesisdeyoro.com\/blog\/index.php?rest_route=%2Fwp%2Fv2%2Fmedia&parent=25864"}],"wp:term":[{"taxonomy":"category","embeddable":true,"href":"https:\/\/diocesisdeyoro.com\/blog\/index.php?rest_route=%2Fwp%2Fv2%2Fcategories&post=25864"},{"taxonomy":"post_tag","embeddable":true,"href":"https:\/\/diocesisdeyoro.com\/blog\/index.php?rest_route=%2Fwp%2Fv2%2Ftags&post=25864"}],"curies":[{"name":"wp","href":"https:\/\/api.w.org\/{rel}","templated":true}]}}