{"id":25900,"date":"2024-01-07T09:55:30","date_gmt":"2024-01-07T15:55:30","guid":{"rendered":"https:\/\/diocesisdeyoro.com\/blog\/?p=25900"},"modified":"2024-01-07T10:41:47","modified_gmt":"2024-01-07T16:41:47","slug":"solemnidad-de-la-epifania-del-senor","status":"publish","type":"post","link":"https:\/\/diocesisdeyoro.com\/blog\/?p=25900","title":{"rendered":"SOLEMNIDAD DE LA EPIFAN\u00cdA DEL SE\u00d1OR"},"content":{"rendered":"\n<blockquote class=\"wp-block-quote is-layout-flow wp-block-quote-is-layout-flow\">\n<p><strong>PAPA FRANCISCO<\/strong><\/p>\n\n\n\n<p><strong><em>\u00c1NGELUS<\/em><\/strong><\/p>\n\n\n\n<p><em>Plaza de San Pedro<br>Sabado, 6 de enero de 2024<\/em><\/p>\n\n\n\n<p><a href=\"https:\/\/www.vatican.va\/content\/francesco\/es\/angelus\/2024\/documents\/20240106-angelus.html\">\u00c1ngelus, 6 de enero de 2024, solemnidad de la Epifan\u00eda del Se\u00f1or | Francisco (vatican.va)<\/a><\/p>\n<cite>https:\/\/www.vatican.va\/content\/francesco\/es\/events\/event.dir.html\/content\/vaticanevents\/es\/2024\/1\/6\/angelus.html<\/cite><\/blockquote>\n\n\n\n<p>Queridos hermanos y hermanas, \u00a1buenos d\u00edas y feliz fiesta!<\/p>\n\n\n\n<p>Hoy celebramos la Epifan\u00eda del Se\u00f1or, es decir, su manifestaci\u00f3n a todos los pueblos, representada por los Magos (cf. Mt 2,1-12). Son sabios buscadores que, tras dejarse interpelar por la aparici\u00f3n de una estrella, se ponen en camino y llegan a Bel\u00e9n. Y all\u00ed encuentran a Jes\u00fas, \u00abcon Mar\u00eda, su madre\u00bb, se postran y le ofrecen \u00aboro, incienso y mirra\u00bb (v. 11).<\/p>\n\n\n\n<p>Hombres sabios que reconocen la presencia de Dios en un simple Ni\u00f1o: no en un pr\u00edncipe ni en un noble, sino en un ni\u00f1o de pobres, y se postran ante \u00c9l, ador\u00e1ndolo. La estrella les ha conducido hasta all\u00ed, ante un Ni\u00f1o; y ellos, en sus ojos peque\u00f1os e inocentes, captan la luz del Creador del universo, a cuya b\u00fasqueda han dedicado su existencia.<\/p>\n\n\n\n<p><\/p>\n\n\n\n<!--more-->\n\n\n\n<p>Es la experiencia decisiva para ellos y tambi\u00e9n importante para nosotros: en el Ni\u00f1o Jes\u00fas, vemos a Dios hecho hombre. Por eso, contempl\u00e9mosle, maravill\u00e9monos de su humildad. Contemplar a Jes\u00fas, estar ante \u00c9l, adorarlo en la Eucarist\u00eda: no es perder el tiempo, sino darle sentido al tiempo; Adorar no es perder el tiempo, sino darle sentido al tiempo: esto es importante, repito: adorar no es perder el tiempo, sino darle sentido al tiempo; Es encontrar el rumbo de la vida en la sencillez de un silencio que alimenta el coraz\u00f3n.<\/p>\n\n\n\n<p>Y tambi\u00e9n encontramos tiempo para mirar a los ni\u00f1os, como los Magos miran a Jes\u00fas: a los peque\u00f1os que tambi\u00e9n nos hablan de Jes\u00fas, con su confianza, su inmediatez, su asombro, su sana curiosidad, su capacidad de llorar y re\u00edr espont\u00e1neamente, de so\u00f1ar. Dios se hizo as\u00ed: ni\u00f1o, confiado, sencillo, amante de la vida (cf. Sb 11,26). Si nos ponemos delante del Ni\u00f1o Jes\u00fas y en compa\u00f1\u00eda de los ni\u00f1os, aprenderemos a asombrarnos y partiremos m\u00e1s sencillos y mejores, como los Reyes Magos. Y sabremos tener miradas nuevas, miradas creativas ante los problemas del mundo.<\/p>\n\n\n\n<p>As\u00ed que pregunt\u00e9monos: durante estos d\u00edas, \u00bfnos hemos detenido a adorar, hemos hecho un espacio para Jes\u00fas en silencio, rezando delante del pesebre? \u00bfHemos pasado tiempo con los ni\u00f1os, hablando y jugando con ellos? Y por \u00faltimo, \u00bfsomos capaces de ver los problemas del mundo a trav\u00e9s de los ojos de los ni\u00f1os?<\/p>\n\n\n\n<p>Que Mar\u00eda, Madre de Dios y nuestra, aumente nuestro amor al Ni\u00f1o Jes\u00fas y a todos los ni\u00f1os, especialmente a los probados por las guerras y la injusticia.<\/p>\n\n\n\n<p><strong>Despu\u00e9s del \u00c1ngelus:<\/strong><\/p>\n\n\n\n<p>Queridos hermanos y hermanas<\/p>\n\n\n\n<p>Hace sesenta a\u00f1os, en estos mismos d\u00edas, el Papa san Pablo VI y el Patriarca ecum\u00e9nico Aten\u00e1goras se reunieron en Jerusal\u00e9n, rompiendo un muro de incomunicaci\u00f3n que hab\u00eda mantenido separados durante siglos a cat\u00f3licos y ortodoxos. Aprendamos del abrazo de esos dos Grandes de la Iglesia en el camino hacia la unidad de los cristianos, rezando juntos, caminando juntos, trabajando juntos.<\/p>\n\n\n\n<p>Y pensando en ese gesto hist\u00f3rico de fraternidad realizado en Jerusal\u00e9n, recemos por la paz, por la paz en Oriente Medio, en Palestina, en Israel, en Ucrania, en el mundo entero. Tantas v\u00edctimas de las guerras, tantas muertes, tanta destrucci\u00f3n&#8230; Recemos por la paz. Expreso mi cercan\u00eda al pueblo iran\u00ed, especialmente a las familias de las numerosas v\u00edctimas del atentado terrorista de Kerm\u00e1n, a los numerosos heridos y a todos los afectados por este gran dolor.<\/p>\n\n\n\n<p>La Epifan\u00eda es la Jornada de la Infancia Misionera. Saludo a los ni\u00f1os y j\u00f3venes misioneros de todo el mundo, les agradezco su compromiso en la oraci\u00f3n y en el apoyo concreto al anuncio del Evangelio y, en particular, a la promoci\u00f3n de la infancia en tierras de misi\u00f3n. Gracias, \u00a1muchas gracias!<\/p>\n\n\n\n<p>Doy la bienvenida a los participantes en la romer\u00eda hist\u00f3rico-folclor\u00edstica, que este a\u00f1o est\u00e1 dedicada al valle del r\u00edo T\u00edber y a sus valores humanos y religiosos.<\/p>\n\n\n\n<p>Saludo a los fieles venidos de Alemania, a los j\u00f3venes del Movimiento \u00abTra Noi\u00bb, a los \u00abAmici dell&#8217;storia e delle tradizioni\u00bb de Carovilli, al grupo AVIS de Paderno Franciacorta. Y extiendo mi bendici\u00f3n a los participantes en la gran Cabalgata de los Reyes Magos en Varsovia y en muchas ciudades de Polonia.<\/p>\n\n\n\n<p>Y deseo a todos una Feliz Epifan\u00eda. Por favor, sigan rezando por m\u00ed y sigan adelante, valientes: que el Se\u00f1or les bendiga. Buen provecho y hasta luego.<\/p>\n\n\n\n<blockquote class=\"wp-block-quote is-layout-flow wp-block-quote-is-layout-flow\">\n<p>Copyright \u00a9 Dicastero per la Comunicazione &#8211; Libreria Editrice Vaticana<\/p>\n<cite><a href=\"https:\/\/www.vatican.va\/content\/francesco\/es\/angelus\/2024\/documents\/20240106-angelus.html\">\u00c1ngelus, 6 de enero de 2024, solemnidad de la Epifan\u00eda del Se\u00f1or | Francisco (vatican.va)<\/a><\/cite><\/blockquote>\n","protected":false},"excerpt":{"rendered":"<p>PAPA FRANCISCO \u00c1NGELUS Plaza de San PedroSabado, 6 de enero de 2024 \u00c1ngelus, 6 de enero de 2024, solemnidad de la Epifan\u00eda del Se\u00f1or | Francisco (vatican.va) https:\/\/www.vatican.va\/content\/francesco\/es\/events\/event.dir.html\/content\/vaticanevents\/es\/2024\/1\/6\/angelus.html Queridos hermanos &hellip; <a class=\"readmore\" href=\"https:\/\/diocesisdeyoro.com\/blog\/?p=25900\">Seguir leyendo &rarr;<\/a><\/p>\n","protected":false},"author":3,"featured_media":0,"comment_status":"open","ping_status":"open","sticky":false,"template":"","format":"standard","meta":{"_themeisle_gutenberg_block_has_review":false,"footnotes":""},"categories":[2],"tags":[],"class_list":["post-25900","post","type-post","status-publish","format-standard","hentry","category-avisos"],"_links":{"self":[{"href":"https:\/\/diocesisdeyoro.com\/blog\/index.php?rest_route=\/wp\/v2\/posts\/25900","targetHints":{"allow":["GET"]}}],"collection":[{"href":"https:\/\/diocesisdeyoro.com\/blog\/index.php?rest_route=\/wp\/v2\/posts"}],"about":[{"href":"https:\/\/diocesisdeyoro.com\/blog\/index.php?rest_route=\/wp\/v2\/types\/post"}],"author":[{"embeddable":true,"href":"https:\/\/diocesisdeyoro.com\/blog\/index.php?rest_route=\/wp\/v2\/users\/3"}],"replies":[{"embeddable":true,"href":"https:\/\/diocesisdeyoro.com\/blog\/index.php?rest_route=%2Fwp%2Fv2%2Fcomments&post=25900"}],"version-history":[{"count":2,"href":"https:\/\/diocesisdeyoro.com\/blog\/index.php?rest_route=\/wp\/v2\/posts\/25900\/revisions"}],"predecessor-version":[{"id":25903,"href":"https:\/\/diocesisdeyoro.com\/blog\/index.php?rest_route=\/wp\/v2\/posts\/25900\/revisions\/25903"}],"wp:attachment":[{"href":"https:\/\/diocesisdeyoro.com\/blog\/index.php?rest_route=%2Fwp%2Fv2%2Fmedia&parent=25900"}],"wp:term":[{"taxonomy":"category","embeddable":true,"href":"https:\/\/diocesisdeyoro.com\/blog\/index.php?rest_route=%2Fwp%2Fv2%2Fcategories&post=25900"},{"taxonomy":"post_tag","embeddable":true,"href":"https:\/\/diocesisdeyoro.com\/blog\/index.php?rest_route=%2Fwp%2Fv2%2Ftags&post=25900"}],"curies":[{"name":"wp","href":"https:\/\/api.w.org\/{rel}","templated":true}]}}