{"id":25984,"date":"2024-02-02T19:59:14","date_gmt":"2024-02-03T01:59:14","guid":{"rendered":"https:\/\/diocesisdeyoro.com\/blog\/?p=25984"},"modified":"2024-02-03T00:40:20","modified_gmt":"2024-02-03T06:40:20","slug":"eucaristia-parroquia-suyapa-diocesis-de-yoro-preside-el-p-marcio","status":"publish","type":"post","link":"https:\/\/diocesisdeyoro.com\/blog\/?p=25984","title":{"rendered":"Eucarist\u00eda presidida por el P. Marcio, Parroquia Nuestra Se\u00f1ora de Suyapa, Di\u00f3cesis de Yoro."},"content":{"rendered":"<p>Te compartimos el enlace de la Santa Eucarist\u00eda presidida por el P. Marcio Dar\u00edo\u00a0\u00a0<\/p>\n<p>https:\/\/fb.watch\/pZmeKFU7LL\/<\/p>\n\n\n<p>Hoy se cumplen 40 d\u00edas del nacimiento del ni\u00f1o Dios, (La presentaci\u00f3n del Se\u00f1or) La Iglesia celebra el d\u00eda de la Virgen de Candelaria, V\u00edsperas de la Virgen de Suyapa patrona de nuestra Honduras.  <\/p>\n","protected":false},"excerpt":{"rendered":"<p>Te compartimos el enlace de la Santa Eucarist\u00eda presidida por el P. Marcio Dar\u00edo\u00a0\u00a0 https:\/\/fb.watch\/pZmeKFU7LL\/ Hoy se cumplen 40 d\u00edas del nacimiento del ni\u00f1o Dios, (La presentaci\u00f3n del Se\u00f1or) La &hellip; <a class=\"readmore\" href=\"https:\/\/diocesisdeyoro.com\/blog\/?p=25984\">Seguir leyendo &rarr;<\/a><\/p>\n","protected":false},"author":3,"featured_media":0,"comment_status":"open","ping_status":"open","sticky":false,"template":"","format":"standard","meta":{"_themeisle_gutenberg_block_has_review":false,"footnotes":""},"categories":[2],"tags":[],"class_list":["post-25984","post","type-post","status-publish","format-standard","hentry","category-avisos"],"_links":{"self":[{"href":"https:\/\/diocesisdeyoro.com\/blog\/index.php?rest_route=\/wp\/v2\/posts\/25984","targetHints":{"allow":["GET"]}}],"collection":[{"href":"https:\/\/diocesisdeyoro.com\/blog\/index.php?rest_route=\/wp\/v2\/posts"}],"about":[{"href":"https:\/\/diocesisdeyoro.com\/blog\/index.php?rest_route=\/wp\/v2\/types\/post"}],"author":[{"embeddable":true,"href":"https:\/\/diocesisdeyoro.com\/blog\/index.php?rest_route=\/wp\/v2\/users\/3"}],"replies":[{"embeddable":true,"href":"https:\/\/diocesisdeyoro.com\/blog\/index.php?rest_route=%2Fwp%2Fv2%2Fcomments&post=25984"}],"version-history":[{"count":6,"href":"https:\/\/diocesisdeyoro.com\/blog\/index.php?rest_route=\/wp\/v2\/posts\/25984\/revisions"}],"predecessor-version":[{"id":26013,"href":"https:\/\/diocesisdeyoro.com\/blog\/index.php?rest_route=\/wp\/v2\/posts\/25984\/revisions\/26013"}],"wp:attachment":[{"href":"https:\/\/diocesisdeyoro.com\/blog\/index.php?rest_route=%2Fwp%2Fv2%2Fmedia&parent=25984"}],"wp:term":[{"taxonomy":"category","embeddable":true,"href":"https:\/\/diocesisdeyoro.com\/blog\/index.php?rest_route=%2Fwp%2Fv2%2Fcategories&post=25984"},{"taxonomy":"post_tag","embeddable":true,"href":"https:\/\/diocesisdeyoro.com\/blog\/index.php?rest_route=%2Fwp%2Fv2%2Ftags&post=25984"}],"curies":[{"name":"wp","href":"https:\/\/api.w.org\/{rel}","templated":true}]}}