{"id":25993,"date":"2024-02-02T22:06:17","date_gmt":"2024-02-03T04:06:17","guid":{"rendered":"https:\/\/diocesisdeyoro.com\/blog\/?p=25993"},"modified":"2024-02-02T22:58:07","modified_gmt":"2024-02-03T04:58:07","slug":"alborada-a-la-virgen-de-suyapa-parroquia-de-suyapa-diocesis-de-yoro","status":"publish","type":"post","link":"https:\/\/diocesisdeyoro.com\/blog\/?p=25993","title":{"rendered":"Alborada a la Virgen de Suyapa, Parroquia Nuestra Se\u00f1ora de Suyapa, Di\u00f3cesis de Yoro."},"content":{"rendered":"<p>Te compartimos enlace de la transmisi\u00f3n de p\u00e1gina Facebook parroquial\u00a0\u00a0<\/p>\n<p>https:\/\/fb.watch\/pZt0IwQHdH\/<\/p>\n\n\n<figure class=\"wp-block-image size-large\"><img loading=\"lazy\" decoding=\"async\" width=\"1024\" height=\"768\" src=\"https:\/\/diocesisdeyoro.com\/blog\/wp-content\/uploads\/2024\/02\/Imagen-de-WhatsApp-2024-02-02-a-las-22.28.45_e58ada5b-1024x768.jpg\" alt=\"\" class=\"wp-image-25999\" srcset=\"https:\/\/diocesisdeyoro.com\/blog\/wp-content\/uploads\/2024\/02\/Imagen-de-WhatsApp-2024-02-02-a-las-22.28.45_e58ada5b-1024x768.jpg 1024w, https:\/\/diocesisdeyoro.com\/blog\/wp-content\/uploads\/2024\/02\/Imagen-de-WhatsApp-2024-02-02-a-las-22.28.45_e58ada5b-300x225.jpg 300w, https:\/\/diocesisdeyoro.com\/blog\/wp-content\/uploads\/2024\/02\/Imagen-de-WhatsApp-2024-02-02-a-las-22.28.45_e58ada5b-768x576.jpg 768w, https:\/\/diocesisdeyoro.com\/blog\/wp-content\/uploads\/2024\/02\/Imagen-de-WhatsApp-2024-02-02-a-las-22.28.45_e58ada5b.jpg 1280w\" sizes=\"auto, (max-width: 1024px) 100vw, 1024px\" \/><\/figure>\n\n\n\n<p>Hoy 2 de febrero con mucha Alegr\u00eda los fieles de la Parroquia Nuestra Se\u00f1ora de Suyapa de la Di\u00f3cesis de Yoro, Celebran la alborada en honor a la patrona de Honduras \u00a1Viva La Virgen de Suyapa la m\u00e1s guapa!<\/p>\n\n\n\n<p>Gracias, Se\u00f1or Jes\u00fas tu madre es nuestro mayor regalo. <\/p>\n","protected":false},"excerpt":{"rendered":"<p>Te compartimos enlace de la transmisi\u00f3n de p\u00e1gina Facebook parroquial\u00a0\u00a0 https:\/\/fb.watch\/pZt0IwQHdH\/ Hoy 2 de febrero con mucha Alegr\u00eda los fieles de la Parroquia Nuestra Se\u00f1ora de Suyapa de la Di\u00f3cesis &hellip; <a class=\"readmore\" href=\"https:\/\/diocesisdeyoro.com\/blog\/?p=25993\">Seguir leyendo &rarr;<\/a><\/p>\n","protected":false},"author":3,"featured_media":0,"comment_status":"open","ping_status":"open","sticky":false,"template":"","format":"standard","meta":{"_themeisle_gutenberg_block_has_review":false,"footnotes":""},"categories":[2],"tags":[],"class_list":["post-25993","post","type-post","status-publish","format-standard","hentry","category-avisos"],"_links":{"self":[{"href":"https:\/\/diocesisdeyoro.com\/blog\/index.php?rest_route=\/wp\/v2\/posts\/25993","targetHints":{"allow":["GET"]}}],"collection":[{"href":"https:\/\/diocesisdeyoro.com\/blog\/index.php?rest_route=\/wp\/v2\/posts"}],"about":[{"href":"https:\/\/diocesisdeyoro.com\/blog\/index.php?rest_route=\/wp\/v2\/types\/post"}],"author":[{"embeddable":true,"href":"https:\/\/diocesisdeyoro.com\/blog\/index.php?rest_route=\/wp\/v2\/users\/3"}],"replies":[{"embeddable":true,"href":"https:\/\/diocesisdeyoro.com\/blog\/index.php?rest_route=%2Fwp%2Fv2%2Fcomments&post=25993"}],"version-history":[{"count":6,"href":"https:\/\/diocesisdeyoro.com\/blog\/index.php?rest_route=\/wp\/v2\/posts\/25993\/revisions"}],"predecessor-version":[{"id":26010,"href":"https:\/\/diocesisdeyoro.com\/blog\/index.php?rest_route=\/wp\/v2\/posts\/25993\/revisions\/26010"}],"wp:attachment":[{"href":"https:\/\/diocesisdeyoro.com\/blog\/index.php?rest_route=%2Fwp%2Fv2%2Fmedia&parent=25993"}],"wp:term":[{"taxonomy":"category","embeddable":true,"href":"https:\/\/diocesisdeyoro.com\/blog\/index.php?rest_route=%2Fwp%2Fv2%2Fcategories&post=25993"},{"taxonomy":"post_tag","embeddable":true,"href":"https:\/\/diocesisdeyoro.com\/blog\/index.php?rest_route=%2Fwp%2Fv2%2Ftags&post=25993"}],"curies":[{"name":"wp","href":"https:\/\/api.w.org\/{rel}","templated":true}]}}