{"id":26021,"date":"2024-02-03T11:39:14","date_gmt":"2024-02-03T17:39:14","guid":{"rendered":"https:\/\/diocesisdeyoro.com\/blog\/?p=26021"},"modified":"2024-02-03T12:14:56","modified_gmt":"2024-02-03T18:14:56","slug":"diocesis-de-yoro","status":"publish","type":"post","link":"https:\/\/diocesisdeyoro.com\/blog\/?p=26021","title":{"rendered":"Comisi\u00f3n de Formaci\u00f3n Di\u00f3cesis de Yoro. PP Jes\u00fas M. Sariego y Carlos Ortiz, Coordinadores"},"content":{"rendered":"<div class=\"wp-block-image\">\n<figure class=\"aligncenter size-full\"><img loading=\"lazy\" decoding=\"async\" width=\"171\" height=\"166\" src=\"https:\/\/diocesisdeyoro.com\/blog\/wp-content\/uploads\/2024\/02\/Imagen-de-WhatsApp-2024-02-03-a-las-11.34.07_418b6da6.jpg\" alt=\"\" class=\"wp-image-26024\"\/><\/figure><\/div>\n\n\n<p class=\"has-text-align-center\"><strong>PRIORIDADES \u00a0\u00a0PASTORALES \u00a0\u00a02023-2027<\/strong><\/p>\n\n\n\n<figure class=\"wp-block-image size-full\"><img loading=\"lazy\" decoding=\"async\" width=\"774\" height=\"241\" src=\"https:\/\/diocesisdeyoro.com\/blog\/wp-content\/uploads\/2024\/02\/Imagen-de-WhatsApp-2024-02-03-a-las-10.26.46_04ec8727-1.jpg\" alt=\"\" class=\"wp-image-26022\" srcset=\"https:\/\/diocesisdeyoro.com\/blog\/wp-content\/uploads\/2024\/02\/Imagen-de-WhatsApp-2024-02-03-a-las-10.26.46_04ec8727-1.jpg 774w, https:\/\/diocesisdeyoro.com\/blog\/wp-content\/uploads\/2024\/02\/Imagen-de-WhatsApp-2024-02-03-a-las-10.26.46_04ec8727-1-300x93.jpg 300w, https:\/\/diocesisdeyoro.com\/blog\/wp-content\/uploads\/2024\/02\/Imagen-de-WhatsApp-2024-02-03-a-las-10.26.46_04ec8727-1-768x239.jpg 768w\" sizes=\"auto, (max-width: 774px) 100vw, 774px\" \/><\/figure>\n\n\n\n<figure class=\"wp-block-image size-full\"><img loading=\"lazy\" decoding=\"async\" width=\"775\" height=\"558\" src=\"https:\/\/diocesisdeyoro.com\/blog\/wp-content\/uploads\/2024\/02\/image-3.png\" alt=\"\" class=\"wp-image-26023\" srcset=\"https:\/\/diocesisdeyoro.com\/blog\/wp-content\/uploads\/2024\/02\/image-3.png 775w, https:\/\/diocesisdeyoro.com\/blog\/wp-content\/uploads\/2024\/02\/image-3-300x216.png 300w, https:\/\/diocesisdeyoro.com\/blog\/wp-content\/uploads\/2024\/02\/image-3-768x553.png 768w\" sizes=\"auto, (max-width: 775px) 100vw, 775px\" \/><\/figure>\n\n\n\n<div data-wp-interactive=\"core\/file\" class=\"wp-block-file\"><object data-wp-bind--hidden=\"!state.hasPdfPreview\" hidden class=\"wp-block-file__embed\" data=\"https:\/\/diocesisdeyoro.com\/blog\/wp-content\/uploads\/2024\/02\/Formacion-integral-.pdf\" type=\"application\/pdf\" style=\"width:100%;height:600px\" aria-label=\"Incrustado de Formacion-integral-.\"><\/object><a id=\"wp-block-file--media-2436d730-8e79-4aec-a380-3840530c38a1\" href=\"https:\/\/diocesisdeyoro.com\/blog\/wp-content\/uploads\/2024\/02\/Formacion-integral-.pdf\">Formacion-integral-<\/a><a href=\"https:\/\/diocesisdeyoro.com\/blog\/wp-content\/uploads\/2024\/02\/Formacion-integral-.pdf\" class=\"wp-block-file__button wp-element-button\" download aria-describedby=\"wp-block-file--media-2436d730-8e79-4aec-a380-3840530c38a1\">Descarga<\/a><\/div>\n","protected":false},"excerpt":{"rendered":"<p>PRIORIDADES \u00a0\u00a0PASTORALES \u00a0\u00a02023-2027<\/p>\n","protected":false},"author":3,"featured_media":0,"comment_status":"open","ping_status":"open","sticky":false,"template":"","format":"standard","meta":{"_themeisle_gutenberg_block_has_review":false,"footnotes":""},"categories":[2],"tags":[],"class_list":["post-26021","post","type-post","status-publish","format-standard","hentry","category-avisos"],"_links":{"self":[{"href":"https:\/\/diocesisdeyoro.com\/blog\/index.php?rest_route=\/wp\/v2\/posts\/26021","targetHints":{"allow":["GET"]}}],"collection":[{"href":"https:\/\/diocesisdeyoro.com\/blog\/index.php?rest_route=\/wp\/v2\/posts"}],"about":[{"href":"https:\/\/diocesisdeyoro.com\/blog\/index.php?rest_route=\/wp\/v2\/types\/post"}],"author":[{"embeddable":true,"href":"https:\/\/diocesisdeyoro.com\/blog\/index.php?rest_route=\/wp\/v2\/users\/3"}],"replies":[{"embeddable":true,"href":"https:\/\/diocesisdeyoro.com\/blog\/index.php?rest_route=%2Fwp%2Fv2%2Fcomments&post=26021"}],"version-history":[{"count":9,"href":"https:\/\/diocesisdeyoro.com\/blog\/index.php?rest_route=\/wp\/v2\/posts\/26021\/revisions"}],"predecessor-version":[{"id":26041,"href":"https:\/\/diocesisdeyoro.com\/blog\/index.php?rest_route=\/wp\/v2\/posts\/26021\/revisions\/26041"}],"wp:attachment":[{"href":"https:\/\/diocesisdeyoro.com\/blog\/index.php?rest_route=%2Fwp%2Fv2%2Fmedia&parent=26021"}],"wp:term":[{"taxonomy":"category","embeddable":true,"href":"https:\/\/diocesisdeyoro.com\/blog\/index.php?rest_route=%2Fwp%2Fv2%2Fcategories&post=26021"},{"taxonomy":"post_tag","embeddable":true,"href":"https:\/\/diocesisdeyoro.com\/blog\/index.php?rest_route=%2Fwp%2Fv2%2Ftags&post=26021"}],"curies":[{"name":"wp","href":"https:\/\/api.w.org\/{rel}","templated":true}]}}