{"id":26225,"date":"2024-03-24T21:31:55","date_gmt":"2024-03-25T03:31:55","guid":{"rendered":"https:\/\/diocesisdeyoro.com\/blog\/?p=26225"},"modified":"2024-03-24T21:31:55","modified_gmt":"2024-03-25T03:31:55","slug":"semana-santa-2024-domingo-de-ramos","status":"publish","type":"post","link":"https:\/\/diocesisdeyoro.com\/blog\/?p=26225","title":{"rendered":"Semana Santa 2024: Domingo de Ramos"},"content":{"rendered":"\n<figure class=\"wp-block-image size-full\"><img loading=\"lazy\" decoding=\"async\" width=\"900\" height=\"500\" src=\"https:\/\/diocesisdeyoro.com\/blog\/wp-content\/uploads\/2024\/03\/image-1.png\" alt=\"\" class=\"wp-image-26226\" srcset=\"https:\/\/diocesisdeyoro.com\/blog\/wp-content\/uploads\/2024\/03\/image-1.png 900w, https:\/\/diocesisdeyoro.com\/blog\/wp-content\/uploads\/2024\/03\/image-1-300x167.png 300w, https:\/\/diocesisdeyoro.com\/blog\/wp-content\/uploads\/2024\/03\/image-1-768x427.png 768w\" sizes=\"auto, (max-width: 900px) 100vw, 900px\" \/><\/figure>\n\n\n\n<p>El Domingo de Ramos abre solemnemente la Semana Santa, con el recuerdo de las Palmas y de la Pasi\u00f3n, de la entrada de Jes\u00fas en Jerusal\u00e9n y la liturgia de la palabra que evoca la Pasi\u00f3n del Se\u00f1or en el Evangelio de San Mateo.<\/p>\n\n\n\n<p>En este d\u00eda, se entrecruzan las dos tradiciones lit\u00fargicas que han dado origen a esta celebraci\u00f3n: la alegre, multitudinaria, festiva liturgia de la Iglesia madre de la ciudad santa, que se convierte en mimesis, imitaci\u00f3n de los que Jes\u00fas hizo en Jerusal\u00e9n, y la austera memoria &#8211; anamnesis &#8211; de la pasi\u00f3n que marcaba la liturgia de Roma.<\/p>\n\n\n\n<!--more-->\n\n\n\n<p>Liturgia de Jerusal\u00e9n y de Roma, juntas en nuestra celebraci\u00f3n. Con una evocaci\u00f3n que no puede dejar de ser actualizada.<\/p>\n\n\n\n<p>Vamos con el pensamiento a Jerusal\u00e9n, subimos al Monte de los Olivos para recalar en la capilla de Betfag\u00e9, que nos recuerda el gesto de Jes\u00fas, gesto prof\u00e9tico, que entra como Rey pac\u00edfico, Mes\u00edas aclamado primero y condenado despu\u00e9s, para cumplir en todo las profec\u00edas. .<\/p>\n\n\n\n<p>Por un momento la gente revivi\u00f3 la esperanza de tener ya consigo, de forma abierta y sin subterfugios aquel que ven\u00eda en el nombre del Se\u00f1or. Al menos as\u00ed lo entendieron los m\u00e1s sencillos, los disc\u00edpulos y gente que acompa\u00f1\u00f3 a Jes\u00fas, como un Rey.<\/p>\n\n\n\n<p>San Lucas no habla de olivos ni palmas, sino de gente que iba alfombrando el camino con sus vestidos, como se recibe a un Rey, gente que gritaba: \u00abBendito el que viene como Rey en nombre del Se\u00f1or. Paz en el cielo y gloria en lo alto\u00bb.<\/p>\n\n\n\n<p>Palabras con una extra\u00f1a evocaci\u00f3n de las mismas que anunciaron el nacimiento del Se\u00f1or en Bel\u00e9n a los m\u00e1s humildes. Jerusal\u00e9n, desde el siglo IV, en el esplendor de su vida lit\u00fargica celebraba este momento con una procesi\u00f3n multitudinaria. Y la cosa gust\u00f3 tanto a los peregrinos que occidente dej\u00f3 plasmada en esta procesi\u00f3n de ramos una de las m\u00e1s bellas celebraciones de la Semana Santa.<\/p>\n\n\n\n<p>Con la liturgia de Roma, por otro lado, entramos en la Pasi\u00f3n y anticipamos la proclamaci\u00f3n del misterio, con un gran contraste entre el camino triunfante del Cristo del Domingo de Ramos y el V\u00eda Crucis de los d\u00edas santos.<\/p>\n\n\n\n<p>Sin embargo, son las \u00faltimas palabras de Jes\u00fas en el madero la nueva semilla que debe empujar el remo evangelizador de la Iglesia en el mundo.<\/p>\n\n\n\n<p>\u00abPadre, en tus manos encomiendo mi esp\u00edritu\u00bb. Este es el Evangelio, esta la nueva noticia, el contenido de la nueva evangelizaci\u00f3n. Desde una paradoja este mundo que parece tan aut\u00f3nomo, necesita que se le anuncie el misterio de la debilidad de nuestro Dios en la que se demuestra el culmen de su amor. Como lo anunciaron los primeros cristianos con estas narraciones largas y detallistas de la pasi\u00f3n de Jes\u00fas.<\/p>\n\n\n\n<p>Era el anuncio del amor de un Dios que baja con nosotros hasta el abismo de lo que no tiene sentido, del pecado y de la muerte, del absurdo grito de Jes\u00fas en su abandono y en su confianza extrema. Era un anuncio al mundo pagano tanto m\u00e1s realista cuanto con \u00e9l se pod\u00eda medir la fuerza de la Resurrecci\u00f3n.<\/p>\n\n\n\n<p>La liturgia de las palmas anticipa en este domingo, llamado Pascua florida, el triunfo de la resurrecci\u00f3n; mientras que la lectura de la Pasi\u00f3n nos invita a entrar conscientemente en la Semana Santa de la Pasi\u00f3n gloriosa y amorosa de Cristo el Se\u00f1or.<\/p>\n\n\n\n<blockquote class=\"wp-block-quote is-layout-flow wp-block-quote-is-layout-flow\">\n<p>Aciprensa [Semana Santa 2024: Domingo de Ramos]<\/p>\n\n\n\n<p>24 de marzo de 2024<\/p>\n<\/blockquote>\n","protected":false},"excerpt":{"rendered":"<p>El Domingo de Ramos abre solemnemente la Semana Santa, con el recuerdo de las Palmas y de la Pasi\u00f3n, de la entrada de Jes\u00fas en Jerusal\u00e9n y la liturgia de &hellip; <a class=\"readmore\" href=\"https:\/\/diocesisdeyoro.com\/blog\/?p=26225\">Seguir leyendo &rarr;<\/a><\/p>\n","protected":false},"author":3,"featured_media":0,"comment_status":"open","ping_status":"open","sticky":false,"template":"","format":"standard","meta":{"_themeisle_gutenberg_block_has_review":false,"footnotes":""},"categories":[2],"tags":[],"class_list":["post-26225","post","type-post","status-publish","format-standard","hentry","category-avisos"],"_links":{"self":[{"href":"https:\/\/diocesisdeyoro.com\/blog\/index.php?rest_route=\/wp\/v2\/posts\/26225","targetHints":{"allow":["GET"]}}],"collection":[{"href":"https:\/\/diocesisdeyoro.com\/blog\/index.php?rest_route=\/wp\/v2\/posts"}],"about":[{"href":"https:\/\/diocesisdeyoro.com\/blog\/index.php?rest_route=\/wp\/v2\/types\/post"}],"author":[{"embeddable":true,"href":"https:\/\/diocesisdeyoro.com\/blog\/index.php?rest_route=\/wp\/v2\/users\/3"}],"replies":[{"embeddable":true,"href":"https:\/\/diocesisdeyoro.com\/blog\/index.php?rest_route=%2Fwp%2Fv2%2Fcomments&post=26225"}],"version-history":[{"count":1,"href":"https:\/\/diocesisdeyoro.com\/blog\/index.php?rest_route=\/wp\/v2\/posts\/26225\/revisions"}],"predecessor-version":[{"id":26227,"href":"https:\/\/diocesisdeyoro.com\/blog\/index.php?rest_route=\/wp\/v2\/posts\/26225\/revisions\/26227"}],"wp:attachment":[{"href":"https:\/\/diocesisdeyoro.com\/blog\/index.php?rest_route=%2Fwp%2Fv2%2Fmedia&parent=26225"}],"wp:term":[{"taxonomy":"category","embeddable":true,"href":"https:\/\/diocesisdeyoro.com\/blog\/index.php?rest_route=%2Fwp%2Fv2%2Fcategories&post=26225"},{"taxonomy":"post_tag","embeddable":true,"href":"https:\/\/diocesisdeyoro.com\/blog\/index.php?rest_route=%2Fwp%2Fv2%2Ftags&post=26225"}],"curies":[{"name":"wp","href":"https:\/\/api.w.org\/{rel}","templated":true}]}}