{"id":26339,"date":"2024-05-29T11:34:09","date_gmt":"2024-05-29T17:34:09","guid":{"rendered":"https:\/\/diocesisdeyoro.com\/blog\/?p=26339"},"modified":"2024-05-29T11:54:57","modified_gmt":"2024-05-29T17:54:57","slug":"celebracion-del-dia-cultural-de-la-diocesis-de-yoro-en-el-seminario-mayor-nuestra-senora-de-suyapa","status":"publish","type":"post","link":"https:\/\/diocesisdeyoro.com\/blog\/?p=26339","title":{"rendered":"Celebraci\u00f3n del D\u00eda Cultural de la Di\u00f3cesis de Yoro en el Seminario Mayor Nuestra Se\u00f1ora de Suyapa"},"content":{"rendered":"\n<figure class=\"wp-block-image size-large is-resized\"><img loading=\"lazy\" decoding=\"async\" width=\"1024\" height=\"683\" src=\"https:\/\/diocesisdeyoro.com\/blog\/wp-content\/uploads\/2024\/05\/SMNS3-1024x683.jpg\" alt=\"\" class=\"wp-image-26340\" style=\"width:642px;height:auto\" srcset=\"https:\/\/diocesisdeyoro.com\/blog\/wp-content\/uploads\/2024\/05\/SMNS3-1024x683.jpg 1024w, https:\/\/diocesisdeyoro.com\/blog\/wp-content\/uploads\/2024\/05\/SMNS3-300x200.jpg 300w, https:\/\/diocesisdeyoro.com\/blog\/wp-content\/uploads\/2024\/05\/SMNS3-768x512.jpg 768w, https:\/\/diocesisdeyoro.com\/blog\/wp-content\/uploads\/2024\/05\/SMNS3-360x240.jpg 360w, https:\/\/diocesisdeyoro.com\/blog\/wp-content\/uploads\/2024\/05\/SMNS3.jpg 1080w\" sizes=\"auto, (max-width: 1024px) 100vw, 1024px\" \/><\/figure>\n\n\n\n<p>El pasado 27 de mayo de 2024, se celebr\u00f3 con gran entusiasmo el D\u00eda Cultural de la Di\u00f3cesis de Yoro en el Seminario Mayor Nuestra Se\u00f1ora de Suyapa (SMNSS) en Tegucigalpa, Honduras. El evento cont\u00f3 con la presencia de Monse\u00f1or H\u00e9ctor David Osorio, Obispo de Yoro, el clero diocesano, seminaristas y numerosos laicos de la di\u00f3cesis, adem\u00e1s seminarista de todo Honduras y formadores de la m\u00e1xima casa de estudio, quienes participaron activamente en las diversas actividades programadas para la jornada.<\/p>\n\n\n\n<figure class=\"wp-block-image size-large is-resized\"><img loading=\"lazy\" decoding=\"async\" width=\"1024\" height=\"683\" src=\"https:\/\/diocesisdeyoro.com\/blog\/wp-content\/uploads\/2024\/05\/SMNSS2-1024x683.jpg\" alt=\"\" class=\"wp-image-26341\" style=\"width:840px;height:auto\" srcset=\"https:\/\/diocesisdeyoro.com\/blog\/wp-content\/uploads\/2024\/05\/SMNSS2-1024x683.jpg 1024w, https:\/\/diocesisdeyoro.com\/blog\/wp-content\/uploads\/2024\/05\/SMNSS2-300x200.jpg 300w, https:\/\/diocesisdeyoro.com\/blog\/wp-content\/uploads\/2024\/05\/SMNSS2-768x512.jpg 768w, https:\/\/diocesisdeyoro.com\/blog\/wp-content\/uploads\/2024\/05\/SMNSS2-360x240.jpg 360w, https:\/\/diocesisdeyoro.com\/blog\/wp-content\/uploads\/2024\/05\/SMNSS2.jpg 1080w\" sizes=\"auto, (max-width: 1024px) 100vw, 1024px\" \/><\/figure>\n\n\n\n<p>La celebraci\u00f3n comenz\u00f3 a las 6:30 am con el rezo de Laudes, presididas por el Padre Israel, sacerdote diocesano. Este acto de oraci\u00f3n matutina marc\u00f3 el inicio de un d\u00eda lleno de fe y convivencia.<\/p>\n\n\n\n<!--more-->\n\n\n\n<p>A las 10:30 am, la Di\u00f3cesis de Yoro ofreci\u00f3 una merienda t\u00edpica de la regi\u00f3n, compartida con toda la comunidad del seminario. Este momento permiti\u00f3 a los asistentes, incluidos seminaristas, sacerdotes y laicos, disfrutar de la gastronom\u00eda local y fortalecer los lazos de fraternidad.<\/p>\n\n\n\n<figure class=\"wp-block-image size-large\"><img loading=\"lazy\" decoding=\"async\" width=\"1024\" height=\"683\" src=\"https:\/\/diocesisdeyoro.com\/blog\/wp-content\/uploads\/2024\/05\/SMNSS1-1024x683.jpg\" alt=\"\" class=\"wp-image-26343\" srcset=\"https:\/\/diocesisdeyoro.com\/blog\/wp-content\/uploads\/2024\/05\/SMNSS1-1024x683.jpg 1024w, https:\/\/diocesisdeyoro.com\/blog\/wp-content\/uploads\/2024\/05\/SMNSS1-300x200.jpg 300w, https:\/\/diocesisdeyoro.com\/blog\/wp-content\/uploads\/2024\/05\/SMNSS1-768x512.jpg 768w, https:\/\/diocesisdeyoro.com\/blog\/wp-content\/uploads\/2024\/05\/SMNSS1-360x240.jpg 360w, https:\/\/diocesisdeyoro.com\/blog\/wp-content\/uploads\/2024\/05\/SMNSS1.jpg 1080w\" sizes=\"auto, (max-width: 1024px) 100vw, 1024px\" \/><\/figure>\n\n\n\n<p>Por la tarde, a las 1:30 pm, se llev\u00f3 a cabo un encuentro deportivo entre la selecci\u00f3n del Seminario y la selecci\u00f3n de la Di\u00f3cesis de Yoro. Este evento foment\u00f3 el esp\u00edritu de equipo y la camarader\u00eda entre los participantes.<\/p>\n\n\n\n<figure class=\"wp-block-image size-large\"><img loading=\"lazy\" decoding=\"async\" width=\"1024\" height=\"683\" src=\"https:\/\/diocesisdeyoro.com\/blog\/wp-content\/uploads\/2024\/05\/SMNSS-5-1024x683.jpg\" alt=\"\" class=\"wp-image-26342\" srcset=\"https:\/\/diocesisdeyoro.com\/blog\/wp-content\/uploads\/2024\/05\/SMNSS-5-1024x683.jpg 1024w, https:\/\/diocesisdeyoro.com\/blog\/wp-content\/uploads\/2024\/05\/SMNSS-5-300x200.jpg 300w, https:\/\/diocesisdeyoro.com\/blog\/wp-content\/uploads\/2024\/05\/SMNSS-5-768x512.jpg 768w, https:\/\/diocesisdeyoro.com\/blog\/wp-content\/uploads\/2024\/05\/SMNSS-5-360x240.jpg 360w, https:\/\/diocesisdeyoro.com\/blog\/wp-content\/uploads\/2024\/05\/SMNSS-5.jpg 1080w\" sizes=\"auto, (max-width: 1024px) 100vw, 1024px\" \/><\/figure>\n\n\n\n<figure class=\"wp-block-image size-large\"><img loading=\"lazy\" decoding=\"async\" width=\"1024\" height=\"768\" src=\"https:\/\/diocesisdeyoro.com\/blog\/wp-content\/uploads\/2024\/05\/SMNSS7-1024x768.jpg\" alt=\"\" class=\"wp-image-26346\" srcset=\"https:\/\/diocesisdeyoro.com\/blog\/wp-content\/uploads\/2024\/05\/SMNSS7-1024x768.jpg 1024w, https:\/\/diocesisdeyoro.com\/blog\/wp-content\/uploads\/2024\/05\/SMNSS7-300x225.jpg 300w, https:\/\/diocesisdeyoro.com\/blog\/wp-content\/uploads\/2024\/05\/SMNSS7-768x576.jpg 768w, https:\/\/diocesisdeyoro.com\/blog\/wp-content\/uploads\/2024\/05\/SMNSS7.jpg 1080w\" sizes=\"auto, (max-width: 1024px) 100vw, 1024px\" \/><\/figure>\n\n\n\n<p>El punto culminante de la jornada fue la Santa Eucarist\u00eda celebrada a las 5:30 pm bajo la advocaci\u00f3n de la Virgen de Las Mercedes, presidida por Monse\u00f1or H\u00e9ctor David. La misa fue un momento de profunda reflexi\u00f3n y espiritualidad para todos los presentes.<\/p>\n\n\n\n<figure class=\"wp-block-image size-large\"><img loading=\"lazy\" decoding=\"async\" width=\"1024\" height=\"683\" src=\"https:\/\/diocesisdeyoro.com\/blog\/wp-content\/uploads\/2024\/05\/SMNS4-1024x683.jpg\" alt=\"\" class=\"wp-image-26344\" srcset=\"https:\/\/diocesisdeyoro.com\/blog\/wp-content\/uploads\/2024\/05\/SMNS4-1024x683.jpg 1024w, https:\/\/diocesisdeyoro.com\/blog\/wp-content\/uploads\/2024\/05\/SMNS4-300x200.jpg 300w, https:\/\/diocesisdeyoro.com\/blog\/wp-content\/uploads\/2024\/05\/SMNS4-768x512.jpg 768w, https:\/\/diocesisdeyoro.com\/blog\/wp-content\/uploads\/2024\/05\/SMNS4-360x240.jpg 360w, https:\/\/diocesisdeyoro.com\/blog\/wp-content\/uploads\/2024\/05\/SMNS4.jpg 1080w\" sizes=\"auto, (max-width: 1024px) 100vw, 1024px\" \/><\/figure>\n\n\n\n<figure class=\"wp-block-image size-large\"><img loading=\"lazy\" decoding=\"async\" width=\"1024\" height=\"683\" src=\"https:\/\/diocesisdeyoro.com\/blog\/wp-content\/uploads\/2024\/05\/SMNSS6-1024x683.jpg\" alt=\"\" class=\"wp-image-26345\" srcset=\"https:\/\/diocesisdeyoro.com\/blog\/wp-content\/uploads\/2024\/05\/SMNSS6-1024x683.jpg 1024w, https:\/\/diocesisdeyoro.com\/blog\/wp-content\/uploads\/2024\/05\/SMNSS6-300x200.jpg 300w, https:\/\/diocesisdeyoro.com\/blog\/wp-content\/uploads\/2024\/05\/SMNSS6-768x512.jpg 768w, https:\/\/diocesisdeyoro.com\/blog\/wp-content\/uploads\/2024\/05\/SMNSS6-360x240.jpg 360w, https:\/\/diocesisdeyoro.com\/blog\/wp-content\/uploads\/2024\/05\/SMNSS6.jpg 1080w\" sizes=\"auto, (max-width: 1024px) 100vw, 1024px\" \/><\/figure>\n\n\n\n<p>La celebraci\u00f3n concluy\u00f3 con una noche cultural amenizada por los mariachis El Progreso, laicos comprometidos de la Parroquia Las Mercedes, quienes deleitaron a la audiencia con su talento musical. Esta noche cultural permiti\u00f3 a seminaristas, sacerdotes y laicos mostrar la riqueza cultural del Departamento de Yoro a trav\u00e9s de m\u00fasica y danza.<\/p>\n\n\n\n<p>Cabe destacar que el evento cont\u00f3 con la cobertura de medios de comunicaci\u00f3n como Suyapa Medios y la p\u00e1gina de Facebook de la Di\u00f3cesis de Yoro, \u00abLa Tierra que Am\u00f3 Subirana\u00bb, quienes transmitieron en vivo las diferentes actividades, permitiendo a una audiencia m\u00e1s amplia participar en la celebraci\u00f3n.<\/p>\n\n\n\n<p>En resumen, el D\u00eda Cultural de la Di\u00f3cesis de Yoro fue un \u00e9xito rotundo, lleno de momentos significativos de oraci\u00f3n, convivencia, deporte y cultura. Esta celebraci\u00f3n resalt\u00f3 la riqueza y diversidad cultural de Yoro, as\u00ed como la unidad y fraternidad de la comunidad que abarca a el clero y laicos.<\/p>\n\n\n\n<p>Nota: las fotos de esta publicaci\u00f3n fueron tomadas de la paginas Facebook de La Di\u00f3cesis de Yoro, La tierra que Am\u00f3 Subirana y del Seminario Mayor Nuestra Se\u00f1ora de Suyapa. <\/p>\n\n\n\n<p>Link:  <\/p>\n\n\n\n<p><a href=\"https:\/\/www.facebook.com\/SMNSSMEDIOS?mibextid=ZbWKwL\">https:\/\/www.facebook.com\/SMNSSMEDIOS?mibextid=ZbWKw<\/a><\/p>\n\n\n\n<p>https:\/\/www.facebook.com\/latierraqueamosubirana?mibextid=ZbWKwL<\/p>\n\n\n\n<p><\/p>\n\n\n\n<p><\/p>\n\n\n\n<p><\/p>\n","protected":false},"excerpt":{"rendered":"<p>El pasado 27 de mayo de 2024, se celebr\u00f3 con gran entusiasmo el D\u00eda Cultural de la Di\u00f3cesis de Yoro en el Seminario Mayor Nuestra Se\u00f1ora de Suyapa (SMNSS) en &hellip; <a class=\"readmore\" href=\"https:\/\/diocesisdeyoro.com\/blog\/?p=26339\">Seguir leyendo &rarr;<\/a><\/p>\n","protected":false},"author":3,"featured_media":0,"comment_status":"open","ping_status":"open","sticky":false,"template":"","format":"standard","meta":{"_themeisle_gutenberg_block_has_review":false,"footnotes":""},"categories":[2],"tags":[],"class_list":["post-26339","post","type-post","status-publish","format-standard","hentry","category-avisos"],"_links":{"self":[{"href":"https:\/\/diocesisdeyoro.com\/blog\/index.php?rest_route=\/wp\/v2\/posts\/26339","targetHints":{"allow":["GET"]}}],"collection":[{"href":"https:\/\/diocesisdeyoro.com\/blog\/index.php?rest_route=\/wp\/v2\/posts"}],"about":[{"href":"https:\/\/diocesisdeyoro.com\/blog\/index.php?rest_route=\/wp\/v2\/types\/post"}],"author":[{"embeddable":true,"href":"https:\/\/diocesisdeyoro.com\/blog\/index.php?rest_route=\/wp\/v2\/users\/3"}],"replies":[{"embeddable":true,"href":"https:\/\/diocesisdeyoro.com\/blog\/index.php?rest_route=%2Fwp%2Fv2%2Fcomments&post=26339"}],"version-history":[{"count":4,"href":"https:\/\/diocesisdeyoro.com\/blog\/index.php?rest_route=\/wp\/v2\/posts\/26339\/revisions"}],"predecessor-version":[{"id":26352,"href":"https:\/\/diocesisdeyoro.com\/blog\/index.php?rest_route=\/wp\/v2\/posts\/26339\/revisions\/26352"}],"wp:attachment":[{"href":"https:\/\/diocesisdeyoro.com\/blog\/index.php?rest_route=%2Fwp%2Fv2%2Fmedia&parent=26339"}],"wp:term":[{"taxonomy":"category","embeddable":true,"href":"https:\/\/diocesisdeyoro.com\/blog\/index.php?rest_route=%2Fwp%2Fv2%2Fcategories&post=26339"},{"taxonomy":"post_tag","embeddable":true,"href":"https:\/\/diocesisdeyoro.com\/blog\/index.php?rest_route=%2Fwp%2Fv2%2Ftags&post=26339"}],"curies":[{"name":"wp","href":"https:\/\/api.w.org\/{rel}","templated":true}]}}