{"id":26353,"date":"2024-06-02T19:35:18","date_gmt":"2024-06-03T01:35:18","guid":{"rendered":"https:\/\/diocesisdeyoro.com\/blog\/?p=26353"},"modified":"2024-06-03T19:25:48","modified_gmt":"2024-06-04T01:25:48","slug":"x-jornada-nacional-de-la-juventud-en-danli-2024-jovenes-caminantes-dejando-huellas-de-amor-gigante","status":"publish","type":"post","link":"https:\/\/diocesisdeyoro.com\/blog\/?p=26353","title":{"rendered":"X Jornada Nacional de la Juventud en Danl\u00ed 2024. \u00abJOVENES CAMINANTES DEJANDO HUELLAS DE AMOR GIGANTE\u00bb"},"content":{"rendered":"\n<figure class=\"wp-block-image size-full\"><img loading=\"lazy\" decoding=\"async\" width=\"724\" height=\"1024\" src=\"https:\/\/diocesisdeyoro.com\/blog\/wp-content\/uploads\/2024\/06\/image-1.png\" alt=\"\" class=\"wp-image-26381\" srcset=\"https:\/\/diocesisdeyoro.com\/blog\/wp-content\/uploads\/2024\/06\/image-1.png 724w, https:\/\/diocesisdeyoro.com\/blog\/wp-content\/uploads\/2024\/06\/image-1-212x300.png 212w\" sizes=\"auto, (max-width: 724px) 100vw, 724px\" \/><\/figure>\n\n\n\n<p><strong>Danl\u00ed, El Para\u00edso, 2 de junio de 2024<\/strong>: La Di\u00f3cesis de Danl\u00ed fue testigo y anfitriona de un acontecimiento extraordinario los d\u00edas 1 y 2 de junio, cuando la X Jornada Nacional de la Juventud (JNJ) reuni\u00f3 a aproximadamente 30,000 j\u00f3venes cat\u00f3licos de diversas di\u00f3cesis de Honduras. Este magno evento, organizado por la Pastoral Juvenil de la Iglesia Cat\u00f3lica hondure\u00f1a, se convirti\u00f3 en un vibrante encuentro de fe y esperanza en Cristo Jes\u00fas, marcando un hito en el compromiso juvenil con la Iglesia.<\/p>\n\n\n\n<p><img decoding=\"async\" src=\"https:\/\/diocesisdeyoro.com\/blog\/wp-content\/uploads\/2024\/06\/JNJ11-1024x1024.jpg\" alt=\"La imagen tiene un atributo ALT vac\u00edo; su nombre de archivo es JNJ11-1024x1024.jpg\"><\/p>\n\n\n\n<figure class=\"wp-block-image size-full\"><img loading=\"lazy\" decoding=\"async\" width=\"912\" height=\"1024\" src=\"https:\/\/diocesisdeyoro.com\/blog\/wp-content\/uploads\/2024\/06\/image.png\" alt=\"\" class=\"wp-image-26375\" srcset=\"https:\/\/diocesisdeyoro.com\/blog\/wp-content\/uploads\/2024\/06\/image.png 912w, https:\/\/diocesisdeyoro.com\/blog\/wp-content\/uploads\/2024\/06\/image-267x300.png 267w, https:\/\/diocesisdeyoro.com\/blog\/wp-content\/uploads\/2024\/06\/image-768x862.png 768w\" sizes=\"auto, (max-width: 912px) 100vw, 912px\" \/><\/figure>\n\n\n\n<figure class=\"wp-block-image size-full\"><img loading=\"lazy\" decoding=\"async\" width=\"1024\" height=\"768\" src=\"https:\/\/diocesisdeyoro.com\/blog\/wp-content\/uploads\/2024\/06\/image-2.png\" alt=\"\" class=\"wp-image-26383\" srcset=\"https:\/\/diocesisdeyoro.com\/blog\/wp-content\/uploads\/2024\/06\/image-2.png 1024w, https:\/\/diocesisdeyoro.com\/blog\/wp-content\/uploads\/2024\/06\/image-2-300x225.png 300w, https:\/\/diocesisdeyoro.com\/blog\/wp-content\/uploads\/2024\/06\/image-2-768x576.png 768w\" sizes=\"auto, (max-width: 1024px) 100vw, 1024px\" \/><\/figure>\n\n\n\n<p>La Di\u00f3cesis de Yoro, con su distintivo color blanco, estuvo representada por aproximadamente 1,400 a 1,500 j\u00f3venes, quienes viajaron con entusiasmo y determinaci\u00f3n para ser parte de este encuentro inolvidable. Estos j\u00f3venes, provenientes de las 13 parroquias de la di\u00f3cesis, participaron bajo el lema \u00abJ\u00d3VENES CAMINANTES DEJANDO HUELLAS DE AMOR GIGANTE,\u00bb reflejando su compromiso de ser agentes de cambio y esperanza en sus comunidades, llevando el amor de Cristo a cada rinc\u00f3n de Honduras.<\/p>\n\n\n\n<figure class=\"wp-block-image size-full\"><img loading=\"lazy\" decoding=\"async\" width=\"1024\" height=\"576\" src=\"https:\/\/diocesisdeyoro.com\/blog\/wp-content\/uploads\/2024\/06\/image-3.png\" alt=\"\" class=\"wp-image-26385\" srcset=\"https:\/\/diocesisdeyoro.com\/blog\/wp-content\/uploads\/2024\/06\/image-3.png 1024w, https:\/\/diocesisdeyoro.com\/blog\/wp-content\/uploads\/2024\/06\/image-3-300x169.png 300w, https:\/\/diocesisdeyoro.com\/blog\/wp-content\/uploads\/2024\/06\/image-3-768x432.png 768w\" sizes=\"auto, (max-width: 1024px) 100vw, 1024px\" \/><\/figure>\n\n\n\n<p><strong>Una Vibrante Manifestaci\u00f3n de Fe<\/strong>: La Di\u00f3cesis de Danl\u00ed se llen\u00f3 de color y energ\u00eda con la llegada de j\u00f3venes de todas las di\u00f3cesis del pa\u00eds. Cada di\u00f3cesis se identific\u00f3 con un color distintivo: Tegucigalpa (morado), San Pedro Sula (negro), Santa Rosa de Cop\u00e1n (anaranjado), Yoro (blanco), La Ceiba (azul oscuro), Trujillo (rojo), Juticalpa (verde), Gracias (amarillo), Comayagua (caf\u00e9), Choluteca (azul celeste) y Danl\u00ed, la anfitriona, (gris).<\/p>\n\n\n\n<!--more-->\n\n\n\n<p>A pesar de las largas horas de viaje, (entre 8 a 15 horas) especialmente para aquellos provenientes de di\u00f3cesis lejanas como Trujillo, La Ceiba, Santa Rosa de Cop\u00e1n y Yoro, los j\u00f3venes llegaron con entusiasmo y determinaci\u00f3n, listos para vivir una JNJ inolvidable.<\/p>\n\n\n\n<figure class=\"wp-block-image size-large\"><img loading=\"lazy\" decoding=\"async\" width=\"1024\" height=\"768\" src=\"https:\/\/diocesisdeyoro.com\/blog\/wp-content\/uploads\/2024\/06\/JNJ12--1024x768.jpg\" alt=\"\" class=\"wp-image-26388\" srcset=\"https:\/\/diocesisdeyoro.com\/blog\/wp-content\/uploads\/2024\/06\/JNJ12--1024x768.jpg 1024w, https:\/\/diocesisdeyoro.com\/blog\/wp-content\/uploads\/2024\/06\/JNJ12--300x225.jpg 300w, https:\/\/diocesisdeyoro.com\/blog\/wp-content\/uploads\/2024\/06\/JNJ12--768x576.jpg 768w, https:\/\/diocesisdeyoro.com\/blog\/wp-content\/uploads\/2024\/06\/JNJ12--1536x1152.jpg 1536w, https:\/\/diocesisdeyoro.com\/blog\/wp-content\/uploads\/2024\/06\/JNJ12-.jpg 1600w\" sizes=\"auto, (max-width: 1024px) 100vw, 1024px\" \/><\/figure>\n\n\n\n<p><strong>Actividades Inolvidables<\/strong>: El programa de la JNJ incluy\u00f3 peregrinaciones juveniles, viacrucis, animaci\u00f3n mediante alabanzas y testimonios, y actuaciones de ministerios de m\u00fasica cat\u00f3lica, tanto nacionales como internacionales. Los j\u00f3venes tambi\u00e9n compartieron sus experiencias de fe y presentaron aspectos culturales y art\u00edsticos que reflejaban la realidad socioecon\u00f3mica de las diferentes zonas rurales y urbanas de Honduras.<\/p>\n\n\n\n<figure class=\"wp-block-image size-large\"><img loading=\"lazy\" decoding=\"async\" width=\"1024\" height=\"1024\" src=\"https:\/\/diocesisdeyoro.com\/blog\/wp-content\/uploads\/2024\/06\/JNJ14-1024x1024.jpg\" alt=\"\" class=\"wp-image-26396\" srcset=\"https:\/\/diocesisdeyoro.com\/blog\/wp-content\/uploads\/2024\/06\/JNJ14-1024x1024.jpg 1024w, https:\/\/diocesisdeyoro.com\/blog\/wp-content\/uploads\/2024\/06\/JNJ14-300x300.jpg 300w, https:\/\/diocesisdeyoro.com\/blog\/wp-content\/uploads\/2024\/06\/JNJ14-150x150.jpg 150w, https:\/\/diocesisdeyoro.com\/blog\/wp-content\/uploads\/2024\/06\/JNJ14-768x768.jpg 768w, https:\/\/diocesisdeyoro.com\/blog\/wp-content\/uploads\/2024\/06\/JNJ14.jpg 1280w\" sizes=\"auto, (max-width: 1024px) 100vw, 1024px\" \/><\/figure>\n\n\n\n<p>El momento culminante del evento fue la celebraci\u00f3n de la Eucarist\u00eda, presidida por Monse\u00f1or Jos\u00e9 Canales, Obispo de la Di\u00f3cesis de Danl\u00ed, junto a otros hermanos obispos, sacerdotes y seminaristas de Honduras. La liturgia, dedicada al \u00abCuerpo y la Sangre del Se\u00f1or Jesucristo\u00bb, inspir\u00f3 a los j\u00f3venes a profundizar su vida cristiana. La adoraci\u00f3n a Jes\u00fas sacramentado fue otro momento de gran emotividad, donde los j\u00f3venes, arrodillados, vivieron un encuentro transformador con Jes\u00fas Eucarist\u00eda.<\/p>\n\n\n\n<figure class=\"wp-block-image size-large is-resized\"><img loading=\"lazy\" decoding=\"async\" width=\"1024\" height=\"768\" src=\"https:\/\/diocesisdeyoro.com\/blog\/wp-content\/uploads\/2024\/06\/JNJ4-1024x768.jpg\" alt=\"\" class=\"wp-image-26359\" style=\"width:840px;height:auto\" srcset=\"https:\/\/diocesisdeyoro.com\/blog\/wp-content\/uploads\/2024\/06\/JNJ4-1024x768.jpg 1024w, https:\/\/diocesisdeyoro.com\/blog\/wp-content\/uploads\/2024\/06\/JNJ4-300x225.jpg 300w, https:\/\/diocesisdeyoro.com\/blog\/wp-content\/uploads\/2024\/06\/JNJ4-768x576.jpg 768w, https:\/\/diocesisdeyoro.com\/blog\/wp-content\/uploads\/2024\/06\/JNJ4.jpg 1080w\" sizes=\"auto, (max-width: 1024px) 100vw, 1024px\" \/><\/figure>\n\n\n\n<figure class=\"wp-block-image size-large\"><img loading=\"lazy\" decoding=\"async\" width=\"1024\" height=\"768\" src=\"https:\/\/diocesisdeyoro.com\/blog\/wp-content\/uploads\/2024\/06\/JNJ-1-1024x768.jpg\" alt=\"\" class=\"wp-image-26360\" srcset=\"https:\/\/diocesisdeyoro.com\/blog\/wp-content\/uploads\/2024\/06\/JNJ-1-1024x768.jpg 1024w, https:\/\/diocesisdeyoro.com\/blog\/wp-content\/uploads\/2024\/06\/JNJ-1-300x225.jpg 300w, https:\/\/diocesisdeyoro.com\/blog\/wp-content\/uploads\/2024\/06\/JNJ-1-768x576.jpg 768w, https:\/\/diocesisdeyoro.com\/blog\/wp-content\/uploads\/2024\/06\/JNJ-1.jpg 1280w\" sizes=\"auto, (max-width: 1024px) 100vw, 1024px\" \/><\/figure>\n\n\n\n<p><strong>Compromiso Renovado con la Fe<\/strong>: Este tipo de eventos no solo motivan a los j\u00f3venes a vivir una vida m\u00e1s ligada a los sacramentos que ofrece la Iglesia Cat\u00f3lica, sino que tambi\u00e9n los inspiran a comprometerse m\u00e1s activamente en sus parroquias. La energ\u00eda y la fe demostradas en la JNJ llenan de esperanza a la Iglesia, que ve en la juventud un futuro brillante para la fe cat\u00f3lica en Honduras. La participaci\u00f3n en la JNJ motiva a los j\u00f3venes a involucrarse m\u00e1s en actividades parroquiales, ministerios y grupos juveniles, fomentando una vida sacramental activa. La confesi\u00f3n, la Eucarist\u00eda y otros sacramentos se vuelven pilares fundamentales en sus vidas, gui\u00e1ndolos a una mayor comuni\u00f3n con Dios y con la comunidad.<\/p>\n\n\n\n<p><strong>Medios de Comunicaci\u00f3n y Redes Sociales<\/strong> <strong>Cat\u00f3licos<\/strong>: La promoci\u00f3n y cobertura del evento se realizaron de manera efectiva gracias al apoyo de los medios de comunicaci\u00f3n y las redes sociales cat\u00f3licas. Estos canales fueron cruciales para difundir informaci\u00f3n antes, durante y despu\u00e9s de la jornada, permitiendo llegar a millones de personas tanto a nivel nacional como internacional. La amplia cobertura no solo destac\u00f3 la magnitud del evento, sino que tambi\u00e9n permiti\u00f3 que el mensaje de fe y esperanza llegara a un p\u00fablico m\u00e1s amplio.<\/p>\n\n\n\n<figure class=\"wp-block-image size-large\"><img loading=\"lazy\" decoding=\"async\" width=\"1024\" height=\"768\" src=\"https:\/\/diocesisdeyoro.com\/blog\/wp-content\/uploads\/2024\/06\/JNJ3-1024x768.jpg\" alt=\"\" class=\"wp-image-26355\" srcset=\"https:\/\/diocesisdeyoro.com\/blog\/wp-content\/uploads\/2024\/06\/JNJ3-1024x768.jpg 1024w, https:\/\/diocesisdeyoro.com\/blog\/wp-content\/uploads\/2024\/06\/JNJ3-300x225.jpg 300w, https:\/\/diocesisdeyoro.com\/blog\/wp-content\/uploads\/2024\/06\/JNJ3-768x576.jpg 768w, https:\/\/diocesisdeyoro.com\/blog\/wp-content\/uploads\/2024\/06\/JNJ3.jpg 1080w\" sizes=\"auto, (max-width: 1024px) 100vw, 1024px\" \/><\/figure>\n\n\n\n<p><strong>Un Futuro Prometedor<\/strong>: La X Jornada Nacional de la Juventud no solo destac\u00f3 por su organizaci\u00f3n y participaci\u00f3n, sino tambi\u00e9n por el mensaje de esperanza y dinamismo que los j\u00f3venes cat\u00f3licos transmitieron. La energ\u00eda y la fe mostradas durante el evento llenan de esperanza a la Iglesia, que ve en la juventud un futuro brillante para la fe cat\u00f3lica en Honduras. Es de mucha alegr\u00eda para los obispos, sacerdotes y laicos lideres de j\u00f3venes poder expresar todo el trabajo realizado con el fin de rescatar a la juventud.  <\/p>\n\n\n\n<p><strong>Al cierre de la jornada, se revel\u00f3 que la pr\u00f3xima JNJ se celebrar\u00e1 en la Di\u00f3cesis de Yoro en 2026<\/strong>. Este anuncio fue recibido con gran entusiasmo y compromiso por parte de la di\u00f3cesis anfitriona, que ya se prepara para recibir a miles de j\u00f3venes en un evento que promete ser una bendici\u00f3n espiritual para todos.<\/p>\n\n\n\n<figure class=\"wp-block-image size-large\"><img loading=\"lazy\" decoding=\"async\" width=\"1024\" height=\"683\" src=\"https:\/\/diocesisdeyoro.com\/blog\/wp-content\/uploads\/2024\/06\/JNJ7-1024x683.jpg\" alt=\"\" class=\"wp-image-26356\" srcset=\"https:\/\/diocesisdeyoro.com\/blog\/wp-content\/uploads\/2024\/06\/JNJ7-1024x683.jpg 1024w, https:\/\/diocesisdeyoro.com\/blog\/wp-content\/uploads\/2024\/06\/JNJ7-300x200.jpg 300w, https:\/\/diocesisdeyoro.com\/blog\/wp-content\/uploads\/2024\/06\/JNJ7-768x512.jpg 768w, https:\/\/diocesisdeyoro.com\/blog\/wp-content\/uploads\/2024\/06\/JNJ7-360x240.jpg 360w, https:\/\/diocesisdeyoro.com\/blog\/wp-content\/uploads\/2024\/06\/JNJ7.jpg 1079w\" sizes=\"auto, (max-width: 1024px) 100vw, 1024px\" \/><\/figure>\n\n\n\n<figure class=\"wp-block-image size-full\"><img loading=\"lazy\" decoding=\"async\" width=\"768\" height=\"960\" src=\"https:\/\/diocesisdeyoro.com\/blog\/wp-content\/uploads\/2024\/06\/JNJ12.jpg\" alt=\"\" class=\"wp-image-26377\" srcset=\"https:\/\/diocesisdeyoro.com\/blog\/wp-content\/uploads\/2024\/06\/JNJ12.jpg 768w, https:\/\/diocesisdeyoro.com\/blog\/wp-content\/uploads\/2024\/06\/JNJ12-240x300.jpg 240w\" sizes=\"auto, (max-width: 768px) 100vw, 768px\" \/><\/figure>\n\n\n\n<p><strong>Un Testimonio de Fe y Compromiso<\/strong>: La X Jornada Nacional de la Juventud en Danl\u00ed es un testimonio del arduo trabajo y dedicaci\u00f3n de la Iglesia Cat\u00f3lica en Honduras para fomentar principios y valores \u00e9ticos y morales de los j\u00f3venes. A trav\u00e9s de eventos como este, la Iglesia no solo fortalece la fe de los j\u00f3venes, sino que tambi\u00e9n contribuye al desarrollo de una sociedad m\u00e1s justa y solidaria.<\/p>\n\n\n\n<p>La vibrante participaci\u00f3n y el fervor mostrado por los j\u00f3venes cat\u00f3licos durante la JNJ reflejan el impacto positivo y duradero que la Iglesia tiene en la juventud hondure\u00f1a, motiv\u00e1ndolos a ser agentes de cambio y esperanza en sus comunidades. Este encuentro de fe no solo fortalece su compromiso con la Iglesia, sino que tambi\u00e9n los anima a vivir una vida centrada en los valores cristianos, promoviendo el amor, la solidaridad y el servicio a los dem\u00e1s.<\/p>\n\n\n\n<p>Nota. Fotos tomadas de Suyapa Medios y de otras redes sociales. <\/p>\n","protected":false},"excerpt":{"rendered":"<p>Danl\u00ed, El Para\u00edso, 2 de junio de 2024: La Di\u00f3cesis de Danl\u00ed fue testigo y anfitriona de un acontecimiento extraordinario los d\u00edas 1 y 2 de junio, cuando la X &hellip; <a class=\"readmore\" href=\"https:\/\/diocesisdeyoro.com\/blog\/?p=26353\">Seguir leyendo &rarr;<\/a><\/p>\n","protected":false},"author":3,"featured_media":0,"comment_status":"open","ping_status":"open","sticky":false,"template":"","format":"standard","meta":{"_themeisle_gutenberg_block_has_review":false,"footnotes":""},"categories":[2],"tags":[],"class_list":["post-26353","post","type-post","status-publish","format-standard","hentry","category-avisos"],"_links":{"self":[{"href":"https:\/\/diocesisdeyoro.com\/blog\/index.php?rest_route=\/wp\/v2\/posts\/26353","targetHints":{"allow":["GET"]}}],"collection":[{"href":"https:\/\/diocesisdeyoro.com\/blog\/index.php?rest_route=\/wp\/v2\/posts"}],"about":[{"href":"https:\/\/diocesisdeyoro.com\/blog\/index.php?rest_route=\/wp\/v2\/types\/post"}],"author":[{"embeddable":true,"href":"https:\/\/diocesisdeyoro.com\/blog\/index.php?rest_route=\/wp\/v2\/users\/3"}],"replies":[{"embeddable":true,"href":"https:\/\/diocesisdeyoro.com\/blog\/index.php?rest_route=%2Fwp%2Fv2%2Fcomments&post=26353"}],"version-history":[{"count":14,"href":"https:\/\/diocesisdeyoro.com\/blog\/index.php?rest_route=\/wp\/v2\/posts\/26353\/revisions"}],"predecessor-version":[{"id":26397,"href":"https:\/\/diocesisdeyoro.com\/blog\/index.php?rest_route=\/wp\/v2\/posts\/26353\/revisions\/26397"}],"wp:attachment":[{"href":"https:\/\/diocesisdeyoro.com\/blog\/index.php?rest_route=%2Fwp%2Fv2%2Fmedia&parent=26353"}],"wp:term":[{"taxonomy":"category","embeddable":true,"href":"https:\/\/diocesisdeyoro.com\/blog\/index.php?rest_route=%2Fwp%2Fv2%2Fcategories&post=26353"},{"taxonomy":"post_tag","embeddable":true,"href":"https:\/\/diocesisdeyoro.com\/blog\/index.php?rest_route=%2Fwp%2Fv2%2Ftags&post=26353"}],"curies":[{"name":"wp","href":"https:\/\/api.w.org\/{rel}","templated":true}]}}