{"id":26399,"date":"2024-06-16T12:41:05","date_gmt":"2024-06-16T18:41:05","guid":{"rendered":"https:\/\/diocesisdeyoro.com\/blog\/?p=26399"},"modified":"2024-06-18T19:35:22","modified_gmt":"2024-06-19T01:35:22","slug":"reunion-de-la-comision-diocesana-pastoral-familiar-de-la-diocesis-de-yoro-codipaf-15-y-16-de-junio-2024-parroquia-santa-rita-de-casia","status":"publish","type":"post","link":"https:\/\/diocesisdeyoro.com\/blog\/?p=26399","title":{"rendered":"Reuni\u00f3n de la Comisi\u00f3n Diocesana Pastoral Familiar (CODIPAF) de la Di\u00f3cesis de Yoro, 15 y 16 de junio 2024. Parroquia Santa Rita de Casia."},"content":{"rendered":"\n<figure class=\"wp-block-image size-large\"><img loading=\"lazy\" decoding=\"async\" width=\"1024\" height=\"768\" src=\"https:\/\/diocesisdeyoro.com\/blog\/wp-content\/uploads\/2024\/06\/PF1-1024x768.jpg\" alt=\"\" class=\"wp-image-26400\" srcset=\"https:\/\/diocesisdeyoro.com\/blog\/wp-content\/uploads\/2024\/06\/PF1-1024x768.jpg 1024w, https:\/\/diocesisdeyoro.com\/blog\/wp-content\/uploads\/2024\/06\/PF1-300x225.jpg 300w, https:\/\/diocesisdeyoro.com\/blog\/wp-content\/uploads\/2024\/06\/PF1-768x576.jpg 768w, https:\/\/diocesisdeyoro.com\/blog\/wp-content\/uploads\/2024\/06\/PF1.jpg 1152w\" sizes=\"auto, (max-width: 1024px) 100vw, 1024px\" \/><\/figure>\n\n\n\n<p>Los d\u00edas 15 y 16 de junio de 2024, la Parroquia Santa Rita de Casia fue sede de la reuni\u00f3n de la Comisi\u00f3n Diocesana de Pastoral Familiar (CODIPAF) de la Di\u00f3cesis de Yoro. Este evento, liderado por el Asesor de la Pastoral Familiar, P. Cristian El\u00edas Franco Hern\u00e1ndez, tuvo como prop\u00f3sito reforzar la estructura de la pastoral familiar en la di\u00f3cesis y promover la evangelizaci\u00f3n en cada etapa y situaci\u00f3n de la vida familiar.<\/p>\n\n\n\n<!--more-->\n\n\n\n<p><strong>D\u00eda 1: s\u00e1bado 15 de junio<\/strong><\/p>\n\n\n\n<p>La jornada inaugural se inspir\u00f3 en la Sagrada Familia, representada por San Jos\u00e9, la Virgen Mar\u00eda y el Ni\u00f1o Jes\u00fas, estableciendo un marco espiritual para las actividades. La agenda se aprob\u00f3 tras la verificaci\u00f3n del qu\u00f3rum, una oraci\u00f3n inicial y un minuto de silencio en memoria de los fieles difuntos.<\/p>\n\n\n\n<p>La bienvenida de la parroquia anfitriona fue seguida por la auto presentaci\u00f3n de los participantes, quienes expresaron su compromiso con el fortalecimiento de la pastoral familiar en sus respectivas parroquias.<\/p>\n\n\n\n<figure class=\"wp-block-image size-large\"><img loading=\"lazy\" decoding=\"async\" width=\"1024\" height=\"768\" src=\"https:\/\/diocesisdeyoro.com\/blog\/wp-content\/uploads\/2024\/06\/PF3-1024x768.jpg\" alt=\"\" class=\"wp-image-26402\" srcset=\"https:\/\/diocesisdeyoro.com\/blog\/wp-content\/uploads\/2024\/06\/PF3-1024x768.jpg 1024w, https:\/\/diocesisdeyoro.com\/blog\/wp-content\/uploads\/2024\/06\/PF3-300x225.jpg 300w, https:\/\/diocesisdeyoro.com\/blog\/wp-content\/uploads\/2024\/06\/PF3-768x576.jpg 768w, https:\/\/diocesisdeyoro.com\/blog\/wp-content\/uploads\/2024\/06\/PF3-1536x1152.jpg 1536w, https:\/\/diocesisdeyoro.com\/blog\/wp-content\/uploads\/2024\/06\/PF3.jpg 1600w\" sizes=\"auto, (max-width: 1024px) 100vw, 1024px\" \/><\/figure>\n\n\n\n<p><strong>Actividades Destacadas:<\/strong><\/p>\n\n\n\n<ol class=\"wp-block-list\" start=\"1\">\n<li><strong>Lectura, Discusi\u00f3n y Aprobaci\u00f3n del Acta Anterior:<\/strong> Se revis\u00f3 y aprob\u00f3 el acta de la reuni\u00f3n anterior, promoviendo la transparencia y continuidad en las actividades pastorales.<\/li>\n\n\n\n<li><strong>Informe de Actividades por Parroquia, meses de marzo, abril y mayo 2024:<\/strong> Los informes revelaron una variedad de actividades, tales como reuniones de parejas, caminatas familiares, talleres y participaciones en fiestas diocesanas, acciones de caridad y otras acciones afines. Estas actividades reflejan el dinamismo y el compromiso de cada parroquia en el apoyo a las familias.<\/li>\n\n\n\n<li><strong>Eucarist\u00eda:<\/strong> La misa del d\u00eda, centrada en el Salmo 15 \u00abSe\u00f1or mi vida est\u00e1 en tus manos\u00bb, motiv\u00f3 a los participantes a dedicarse incansablemente al trabajo pastoral, reconociendo a la familia como n\u00facleo esencial de la sociedad.<\/li>\n\n\n\n<li>Informe detallado de CONAPAFH, que incluy\u00f3 temas cruciales como la gu\u00eda de educaci\u00f3n sexual, directorios, cartas a las familias, revistas mensuales y talleres catec\u00famenas.<\/li>\n<\/ol>\n\n\n\n<p><strong>Organigrama de la Pastoral Familiar, M\u00e9todo deductivo desde la Iglesia universal a lo local diocesano, parroquial y comunitario: Tema impartido por el P. Cristian Franco<\/strong><\/p>\n\n\n\n<figure class=\"wp-block-image size-full\"><img loading=\"lazy\" decoding=\"async\" width=\"1024\" height=\"768\" src=\"https:\/\/diocesisdeyoro.com\/blog\/wp-content\/uploads\/2024\/06\/image-4.png\" alt=\"\" class=\"wp-image-26403\" srcset=\"https:\/\/diocesisdeyoro.com\/blog\/wp-content\/uploads\/2024\/06\/image-4.png 1024w, https:\/\/diocesisdeyoro.com\/blog\/wp-content\/uploads\/2024\/06\/image-4-300x225.png 300w, https:\/\/diocesisdeyoro.com\/blog\/wp-content\/uploads\/2024\/06\/image-4-768x576.png 768w\" sizes=\"auto, (max-width: 1024px) 100vw, 1024px\" \/><\/figure>\n\n\n\n<ol class=\"wp-block-list\" start=\"1\">\n<li><strong>Dicasterio de la Iglesia Cat\u00f3lica a Nivel Global:<\/strong>\n<ul class=\"wp-block-list\">\n<li>El Dicasterio promueve la pastoral del matrimonio y la familia con base en las ense\u00f1anzas del Magisterio de la Iglesia.<\/li>\n\n\n\n<li>Trabaja para que los derechos y deberes de los c\u00f3nyuges y la familia sean reconocidos en la Iglesia, la sociedad, la econom\u00eda y la pol\u00edtica.<\/li>\n<\/ul>\n<\/li>\n\n\n\n<li><strong>Comisi\u00f3n Nacional de Pastoral Familiar:<\/strong>\n<ul class=\"wp-block-list\">\n<li>La Comisi\u00f3n Nacional aplica las directrices del Dicasterio a nivel del pa\u00eds.<\/li>\n\n\n\n<li>Investiga, reflexiona y propone caminos para la evangelizaci\u00f3n de las familias.<\/li>\n\n\n\n<li>Acompa\u00f1a y anima a los agentes de pastoral familiar en sus actividades.<\/li>\n<\/ul>\n<\/li>\n\n\n\n<li><strong>Comisi\u00f3n Diocesana de Pastoral Familiar:<\/strong>\n<ul class=\"wp-block-list\">\n<li>Adapta y aplica las l\u00edneas de acci\u00f3n de la Comisi\u00f3n Nacional a la di\u00f3cesis.<\/li>\n\n\n\n<li>Coordina las actividades de pastoral familiar en todas las parroquias de la di\u00f3cesis.<\/li>\n\n\n\n<li>Promueve la formaci\u00f3n y el acompa\u00f1amiento de los agentes pastorales.<\/li>\n<\/ul>\n<\/li>\n\n\n\n<li><strong>Pastoral Familiar Parroquial:<\/strong>\n<ul class=\"wp-block-list\">\n<li>Integra diferentes grupos y movimientos como el Movimiento Familiar Cristiano, grupos de parejas, viudos, j\u00f3venes, grupos prematrimoniales y de novios.<\/li>\n\n\n\n<li>Organiza actividades locales que apoyan a las familias en su desarrollo espiritual y social.<\/li>\n\n\n\n<li>Act\u00faa como enlace entre la comunidad parroquial y la Comisi\u00f3n Diocesana de Pastoral Familiar.<\/li>\n<\/ul>\n<\/li>\n<\/ol>\n\n\n\n<p><strong>D\u00eda 2: Domingo 16 de junio<\/strong><\/p>\n\n\n\n<p>La jornada inici\u00f3 con la eucarist\u00eda, Testimonio impresionante y formaci\u00f3n especifica sobre liderazgo en pastoral familiar. <\/p>\n\n\n\n<p><strong>Actividades Destacadas:<\/strong><\/p>\n\n\n\n<p><strong>Eucarist\u00eda:<\/strong> Presidida por el P. Edilberto Barahona, la cual se centr\u00f3 en la par\u00e1bola de la semilla que germina, destacando la importancia de la paciencia y la fe en el crecimiento espiritual y comunitario. La homil\u00eda fue iluminada desde el santo evangelio seg\u00fan san Marcos 4, 26-34. En aquel tiempo, Jes\u00fas dec\u00eda al gent\u00edo: \u201cEl Reino de Dios se parece a un hombre que echa semilla en la tierra. \u00c9l duerme de noche y se levanta de ma\u00f1ana; la semilla germina y va creciendo, sin que \u00e9l sepa c\u00f3mo\u2026<\/p>\n\n\n\n<figure class=\"wp-block-image size-full\"><img loading=\"lazy\" decoding=\"async\" width=\"1024\" height=\"576\" src=\"https:\/\/diocesisdeyoro.com\/blog\/wp-content\/uploads\/2024\/06\/image-5.png\" alt=\"\" class=\"wp-image-26410\" srcset=\"https:\/\/diocesisdeyoro.com\/blog\/wp-content\/uploads\/2024\/06\/image-5.png 1024w, https:\/\/diocesisdeyoro.com\/blog\/wp-content\/uploads\/2024\/06\/image-5-300x169.png 300w, https:\/\/diocesisdeyoro.com\/blog\/wp-content\/uploads\/2024\/06\/image-5-768x432.png 768w\" sizes=\"auto, (max-width: 1024px) 100vw, 1024px\" \/><\/figure>\n\n\n\n<ol class=\"wp-block-list\" start=\"1\">\n<li><strong>Testimonio de Fe:<\/strong> Jos\u00e9 Ch\u00e1vez y Doris Amanda compartieron su testimonio conmovedor sobre c\u00f3mo la fe y el apoyo de la comunidad cat\u00f3lica ayudaron a superar una grave operaci\u00f3n de coraz\u00f3n abierto en el a\u00f1o 2017 realizada a el hermano Jos\u00e9. Todo fue bien dif\u00edcil, dificultades econ\u00f3micas, preocupaciones sobre el resultado de la operaci\u00f3n, pero gracias a Dios se ten\u00eda mucha fe y todo fue un \u00e9xito, era una operaci\u00f3n riesgosa de vida o muerte, hoy es un gran testimonio de fe.<\/li>\n\n\n\n<li><strong>Liderazgo Ejemplar de miembros de pastoral familiar:<\/strong> Jhony Mart\u00ednez y su esposa Rosi, impartieron una charla sobre la importancia del liderazgo ejemplar para los coordinadores de los grupos de pastoral familiar, enfatizando la necesidad de ser modelos de fe y servicio. La Iglesia urge de liderazgo empoderado para el crecimiento de la Iglesia desde la familia integrada.<\/li>\n\n\n\n<li><strong>Informe de Tesorer\u00eda:<\/strong> Se present\u00f3 un informe financiero detallado, resaltando la necesidad de que cada parroquia aporte L. 1,000.00 anuales para apoyar las actividades diocesanas. Este informe subray\u00f3 la importancia de la colaboraci\u00f3n financiera para el \u00e9xito de la pastoral familiar.<\/li>\n\n\n\n<li><strong>Preparativos para la Convivencia Diocesana 18 de agosto: Se <\/strong>discutieron los avances para el evento en la Parroquia San Jorge de Olanchito, Yoro, que espera recibir a 5,000 personas. Este evento incluir\u00e1 noche cultural desde el dia 17 de agosto y el 18 habra caminatas, animaci\u00f3n, representaciones art\u00edsticas y culminar\u00e1 con la entrega de las llaves del municipio por parte del alcalde, seguido de la Santa Eucarist\u00eda. Se cuenta con una canci\u00f3n propia para el evento que en las pr\u00f3ximas semanas ser\u00e1 difundida en todas las parroquias. Se solicita a todas las parroquias que env\u00eden sus datos de cuantos participantes har\u00e1n acto de presencia para estar listos con alimentaci\u00f3n y logista de ubicaci\u00f3n.<\/li>\n<\/ol>\n\n\n\n<figure class=\"wp-block-image size-large\"><img loading=\"lazy\" decoding=\"async\" width=\"1024\" height=\"768\" src=\"https:\/\/diocesisdeyoro.com\/blog\/wp-content\/uploads\/2024\/06\/PF4-1024x768.jpg\" alt=\"\" class=\"wp-image-26404\" srcset=\"https:\/\/diocesisdeyoro.com\/blog\/wp-content\/uploads\/2024\/06\/PF4-1024x768.jpg 1024w, https:\/\/diocesisdeyoro.com\/blog\/wp-content\/uploads\/2024\/06\/PF4-300x225.jpg 300w, https:\/\/diocesisdeyoro.com\/blog\/wp-content\/uploads\/2024\/06\/PF4-768x576.jpg 768w, https:\/\/diocesisdeyoro.com\/blog\/wp-content\/uploads\/2024\/06\/PF4-1536x1152.jpg 1536w, https:\/\/diocesisdeyoro.com\/blog\/wp-content\/uploads\/2024\/06\/PF4.jpg 1600w\" sizes=\"auto, (max-width: 1024px) 100vw, 1024px\" \/><\/figure>\n\n\n\n<p><strong>Temas Varios:<\/strong><\/p>\n\n\n\n<ul class=\"wp-block-list\">\n<li><strong>Aportes Parroquiales:<\/strong> Cada parroquia se comprometi\u00f3 a realizar un aporte anual de L. 1,000.00. los cuales sirven como un ahorro y para aportar a la parroquia anfitriona de la reuni\u00f3n<\/li>\n\n\n\n<li><strong>Administraci\u00f3n de Chats:<\/strong> Se revis\u00f3 la administraci\u00f3n y uso de los chats para mejorar la comunicaci\u00f3n entre las parroquias.<\/li>\n\n\n\n<li><strong>Pr\u00f3xima Reuni\u00f3n:<\/strong> Se program\u00f3 la pr\u00f3xima reuni\u00f3n para el 26 y 27 de octubre con opci\u00f3n a cambio para el 9 y 10 de noviembre de 2024.<\/li>\n<\/ul>\n\n\n\n<p><strong>Conclusiones de la Reuni\u00f3n de la Comisi\u00f3n Pastoral Familiar de la Di\u00f3cesis de Yoro<\/strong><\/p>\n\n\n\n<ol class=\"wp-block-list\" start=\"1\">\n<li><strong>Fortalecimiento Integral de la Estructura Pastoral:<\/strong> La reuni\u00f3n de la Comisi\u00f3n Pastoral Familiar de la Di\u00f3cesis de Yoro, celebrada en la Parroquia Santa Rita de Casia, logr\u00f3 un significativo fortalecimiento de la estructura organizativa de la pastoral familiar a nivel diocesano. La detallada presentaci\u00f3n del organigrama, desde el Dicasterio de la Iglesia Cat\u00f3lica a nivel global hasta las parroquias locales, permiti\u00f3 una comprensi\u00f3n m\u00e1s clara y profunda de las responsabilidades y funciones en cada nivel. Este entendimiento fomentar\u00e1 una coordinaci\u00f3n m\u00e1s efectiva y una implementaci\u00f3n uniforme de las directrices pastorales, asegurando que las familias reciban el apoyo y la gu\u00eda necesarios para su desarrollo espiritual y social.<\/li>\n\n\n\n<li><strong>Compromiso Renovado con la Evangelizaci\u00f3n y el Liderazgo Familiar:<\/strong> Los testimonios y charlas impartidas durante el evento, en particular sobre la importancia del liderazgo ejemplar y la resiliencia en tiempos de dificultad, inspiraron a los participantes a renovar su compromiso con la evangelizaci\u00f3n y el fortalecimiento de las familias. La presentaci\u00f3n de informes financieros y la planificaci\u00f3n de actividades futuras, como la convivencia diocesana, reflejan un enfoque pragm\u00e1tico y sostenible para el crecimiento de la pastoral familiar. Este compromiso renovado no solo reforzar\u00e1 la unidad y la espiritualidad dentro de las parroquias, sino que tambi\u00e9n contribuir\u00e1 al bienestar general de la sociedad, reconociendo a la familia como el n\u00facleo vital para el desarrollo comunitario y social.<\/li>\n<\/ol>\n\n\n\n<p>La reuni\u00f3n concluy\u00f3 con una oraci\u00f3n final y un almuerzo, cerrando dos d\u00edas de intensa reflexi\u00f3n, planificaci\u00f3n y fortalecimiento de la pastoral familiar en la Di\u00f3cesis de Yoro.<\/p>\n","protected":false},"excerpt":{"rendered":"<p>Los d\u00edas 15 y 16 de junio de 2024, la Parroquia Santa Rita de Casia fue sede de la reuni\u00f3n de la Comisi\u00f3n Diocesana de Pastoral Familiar (CODIPAF) de la &hellip; <a class=\"readmore\" href=\"https:\/\/diocesisdeyoro.com\/blog\/?p=26399\">Seguir leyendo &rarr;<\/a><\/p>\n","protected":false},"author":3,"featured_media":0,"comment_status":"open","ping_status":"open","sticky":false,"template":"","format":"standard","meta":{"_themeisle_gutenberg_block_has_review":false,"footnotes":""},"categories":[2],"tags":[],"class_list":["post-26399","post","type-post","status-publish","format-standard","hentry","category-avisos"],"_links":{"self":[{"href":"https:\/\/diocesisdeyoro.com\/blog\/index.php?rest_route=\/wp\/v2\/posts\/26399","targetHints":{"allow":["GET"]}}],"collection":[{"href":"https:\/\/diocesisdeyoro.com\/blog\/index.php?rest_route=\/wp\/v2\/posts"}],"about":[{"href":"https:\/\/diocesisdeyoro.com\/blog\/index.php?rest_route=\/wp\/v2\/types\/post"}],"author":[{"embeddable":true,"href":"https:\/\/diocesisdeyoro.com\/blog\/index.php?rest_route=\/wp\/v2\/users\/3"}],"replies":[{"embeddable":true,"href":"https:\/\/diocesisdeyoro.com\/blog\/index.php?rest_route=%2Fwp%2Fv2%2Fcomments&post=26399"}],"version-history":[{"count":15,"href":"https:\/\/diocesisdeyoro.com\/blog\/index.php?rest_route=\/wp\/v2\/posts\/26399\/revisions"}],"predecessor-version":[{"id":26432,"href":"https:\/\/diocesisdeyoro.com\/blog\/index.php?rest_route=\/wp\/v2\/posts\/26399\/revisions\/26432"}],"wp:attachment":[{"href":"https:\/\/diocesisdeyoro.com\/blog\/index.php?rest_route=%2Fwp%2Fv2%2Fmedia&parent=26399"}],"wp:term":[{"taxonomy":"category","embeddable":true,"href":"https:\/\/diocesisdeyoro.com\/blog\/index.php?rest_route=%2Fwp%2Fv2%2Fcategories&post=26399"},{"taxonomy":"post_tag","embeddable":true,"href":"https:\/\/diocesisdeyoro.com\/blog\/index.php?rest_route=%2Fwp%2Fv2%2Ftags&post=26399"}],"curies":[{"name":"wp","href":"https:\/\/api.w.org\/{rel}","templated":true}]}}