{"id":26434,"date":"2024-07-14T13:42:46","date_gmt":"2024-07-14T19:42:46","guid":{"rendered":"https:\/\/diocesisdeyoro.com\/blog\/?p=26434"},"modified":"2024-07-14T14:47:48","modified_gmt":"2024-07-14T20:47:48","slug":"encuentro-diocesano-de-monaguillos-promocion-vocacional-en-la-diocesis-de-yoro-13-de-julio","status":"publish","type":"post","link":"https:\/\/diocesisdeyoro.com\/blog\/?p=26434","title":{"rendered":"Encuentro Diocesano de Monaguillos: Promoci\u00f3n Vocacional en la Di\u00f3cesis de Yoro, 13 de julio, Parroquia Santa Rita de Casia."},"content":{"rendered":"\n<p class=\"has-text-align-center\"><strong>Santo Domingo Sabio \u00abAntes morir que pecar\u00bb<\/strong><\/p>\n\n\n\n<p>El pasado 13 de julio de 2024, la Parroquia Santa Rita de Casia en la Di\u00f3cesis de Yoro fue el escenario del Encuentro Diocesano de Monaguillos, evento que congreg\u00f3 a aproximadamente 1000 participantes, entre monaguillos y padres de familia. Este encuentro, tuvo como objetivo principal la promoci\u00f3n vocacional dirigida a ni\u00f1os, adolescentes, j\u00f3venes y a padres de familia para que apoyen a sus hijos en estas decisiones de vida al servicio de Dios y de los dem\u00e1s.<\/p>\n\n\n\n<figure class=\"wp-block-image size-large\"><img loading=\"lazy\" decoding=\"async\" width=\"1024\" height=\"462\" src=\"https:\/\/diocesisdeyoro.com\/blog\/wp-content\/uploads\/2024\/07\/PV1-1024x462.jpg\" alt=\"\" class=\"wp-image-26435\" srcset=\"https:\/\/diocesisdeyoro.com\/blog\/wp-content\/uploads\/2024\/07\/PV1-1024x462.jpg 1024w, https:\/\/diocesisdeyoro.com\/blog\/wp-content\/uploads\/2024\/07\/PV1-300x135.jpg 300w, https:\/\/diocesisdeyoro.com\/blog\/wp-content\/uploads\/2024\/07\/PV1-768x347.jpg 768w, https:\/\/diocesisdeyoro.com\/blog\/wp-content\/uploads\/2024\/07\/PV1-1536x693.jpg 1536w, https:\/\/diocesisdeyoro.com\/blog\/wp-content\/uploads\/2024\/07\/PV1.jpg 1600w\" sizes=\"auto, (max-width: 1024px) 100vw, 1024px\" \/><\/figure>\n\n\n\n<p><\/p>\n\n\n\n<p><strong>Inicio de las actividades del evento<\/strong><\/p>\n\n\n\n<p>La jornada comenz\u00f3 a las 8:00 a.m. con la recepci\u00f3n de los asistentes en el templo parroquial, marcando el inicio de un d\u00eda lleno de alegr\u00eda y fervor cat\u00f3lico. Los participantes se dirigieron en caminata hacia el Instituto Oficial Gabino V\u00e1squez Argueta, llevando pancartas y animaciones alusivas al evento, en una expresi\u00f3n vibrante de la importancia de las vocaciones espec\u00edficas a la vida consagrada.<\/p>\n\n\n\n<figure class=\"wp-block-image size-large\"><img loading=\"lazy\" decoding=\"async\" width=\"1024\" height=\"576\" src=\"https:\/\/diocesisdeyoro.com\/blog\/wp-content\/uploads\/2024\/07\/Pv2-1024x576.jpg\" alt=\"\" class=\"wp-image-26436\" srcset=\"https:\/\/diocesisdeyoro.com\/blog\/wp-content\/uploads\/2024\/07\/Pv2-1024x576.jpg 1024w, https:\/\/diocesisdeyoro.com\/blog\/wp-content\/uploads\/2024\/07\/Pv2-300x169.jpg 300w, https:\/\/diocesisdeyoro.com\/blog\/wp-content\/uploads\/2024\/07\/Pv2-768x432.jpg 768w, https:\/\/diocesisdeyoro.com\/blog\/wp-content\/uploads\/2024\/07\/Pv2.jpg 1080w\" sizes=\"auto, (max-width: 1024px) 100vw, 1024px\" \/><\/figure>\n\n\n\n<p>En las instalaciones del Instituto Gabino, se vivi\u00f3 un momento cultural y art\u00edstico donde los monaguillos presentaron diversos dramas, canciones y danzas folcl\u00f3ricas, todas con un mensaje cristiano y vocacional. Estas actividades reflejaron la realidad social y econ\u00f3mica de las familias de los monaguillos y destacaron la importancia del servicio y la fe.<\/p>\n\n\n\n<figure class=\"wp-block-image size-large\"><img loading=\"lazy\" decoding=\"async\" width=\"1024\" height=\"645\" src=\"https:\/\/diocesisdeyoro.com\/blog\/wp-content\/uploads\/2024\/07\/Pv3-1024x645.jpg\" alt=\"\" class=\"wp-image-26437\" srcset=\"https:\/\/diocesisdeyoro.com\/blog\/wp-content\/uploads\/2024\/07\/Pv3-1024x645.jpg 1024w, https:\/\/diocesisdeyoro.com\/blog\/wp-content\/uploads\/2024\/07\/Pv3-300x189.jpg 300w, https:\/\/diocesisdeyoro.com\/blog\/wp-content\/uploads\/2024\/07\/Pv3-768x484.jpg 768w, https:\/\/diocesisdeyoro.com\/blog\/wp-content\/uploads\/2024\/07\/Pv3-1536x968.jpg 1536w, https:\/\/diocesisdeyoro.com\/blog\/wp-content\/uploads\/2024\/07\/Pv3.jpg 1600w\" sizes=\"auto, (max-width: 1024px) 100vw, 1024px\" \/><\/figure>\n\n\n\n<figure class=\"wp-block-image size-large\"><img loading=\"lazy\" decoding=\"async\" width=\"1024\" height=\"461\" src=\"https:\/\/diocesisdeyoro.com\/blog\/wp-content\/uploads\/2024\/07\/PV4-1024x461.jpg\" alt=\"\" class=\"wp-image-26443\" srcset=\"https:\/\/diocesisdeyoro.com\/blog\/wp-content\/uploads\/2024\/07\/PV4-1024x461.jpg 1024w, https:\/\/diocesisdeyoro.com\/blog\/wp-content\/uploads\/2024\/07\/PV4-300x135.jpg 300w, https:\/\/diocesisdeyoro.com\/blog\/wp-content\/uploads\/2024\/07\/PV4-768x346.jpg 768w, https:\/\/diocesisdeyoro.com\/blog\/wp-content\/uploads\/2024\/07\/PV4.jpg 1080w\" sizes=\"auto, (max-width: 1024px) 100vw, 1024px\" \/><\/figure>\n\n\n\n<p><\/p>\n\n\n\n<p><strong>Culminaci\u00f3n y mensaje Vocacional<\/strong><\/p>\n\n\n\n<p>El evento concluy\u00f3 a las 3:00 pm con la celebraci\u00f3n de la Santa Eucarist\u00eda, presidida por Monse\u00f1or H\u00e9ctor David Garc\u00eda Osorio, acompa\u00f1ado por los sacerdotes diocesanos Jos\u00e9 M\u00e1rtir Galeano, Cristian Franco, Francisco Mart\u00ednez, Abraham Medina, Israel Orellana, Esa\u00fa Flores y Marcio Dar\u00edo. En su homil\u00eda, Monse\u00f1or David destac\u00f3 la importancia de la llamada vocacional, subrayando que los ni\u00f1os, adolescentes y j\u00f3venes son el semillero de vocaciones de la Iglesia Cat\u00f3lica. Durante la misa, un aproximado de 25 nuevos monaguillos fueron investidos para servir en las eucarist\u00edas de sus parroquias.<\/p>\n\n\n\n<figure class=\"wp-block-image size-large\"><img loading=\"lazy\" decoding=\"async\" width=\"768\" height=\"1024\" src=\"https:\/\/diocesisdeyoro.com\/blog\/wp-content\/uploads\/2024\/07\/pv6-768x1024.jpg\" alt=\"\" class=\"wp-image-26467\" srcset=\"https:\/\/diocesisdeyoro.com\/blog\/wp-content\/uploads\/2024\/07\/pv6-768x1024.jpg 768w, https:\/\/diocesisdeyoro.com\/blog\/wp-content\/uploads\/2024\/07\/pv6-225x300.jpg 225w, https:\/\/diocesisdeyoro.com\/blog\/wp-content\/uploads\/2024\/07\/pv6.jpg 1080w\" sizes=\"auto, (max-width: 768px) 100vw, 768px\" \/><\/figure>\n\n\n\n<p>Nuevos monaguillos investidos <\/p>\n\n\n\n<figure class=\"wp-block-image size-large\"><img loading=\"lazy\" decoding=\"async\" width=\"1024\" height=\"576\" src=\"https:\/\/diocesisdeyoro.com\/blog\/wp-content\/uploads\/2024\/07\/Pv5-1024x576.jpg\" alt=\"\" class=\"wp-image-26457\" srcset=\"https:\/\/diocesisdeyoro.com\/blog\/wp-content\/uploads\/2024\/07\/Pv5-1024x576.jpg 1024w, https:\/\/diocesisdeyoro.com\/blog\/wp-content\/uploads\/2024\/07\/Pv5-300x169.jpg 300w, https:\/\/diocesisdeyoro.com\/blog\/wp-content\/uploads\/2024\/07\/Pv5-768x432.jpg 768w, https:\/\/diocesisdeyoro.com\/blog\/wp-content\/uploads\/2024\/07\/Pv5.jpg 1080w\" sizes=\"auto, (max-width: 1024px) 100vw, 1024px\" \/><\/figure>\n\n\n\n<p>Testimonios de hermanas consagradas al Se\u00f1or, que lo dejaron todo y lo siguieron. <\/p>\n\n\n\n<p><strong>Historia, antecedentes y trayectoria de encuentros anuales de los monaguillos<\/strong><\/p>\n\n\n\n<p>Desde su inicio en 2004, cuando Yoro era a\u00fan una Vicaria de la Arquidi\u00f3cesis de Tegucigalpa, los Encuentros de Monaguillos han jugado un papel crucial en la promoci\u00f3n vocacional. Las primeras parroquias en fomentar este servicio fueron La Parroquia Negrito Moraz\u00e1n, Parroquia Nuestra Se\u00f1ora de Suyapa y Santa Rita de Casia, bajo la gu\u00eda de los sacerdotes diocesanos P. Andr\u00e9s Colindres, P. Gerem\u00edas Serrano, P. Francisco Mart\u00ednez y P. Marvin Salas. Posteriormente, se unieron a esta labor el P. Edilberto Barahona y el P. Marcio Dar\u00edo, sum\u00e1ndose actualmente todos los sacerdotes diocesanos, los Jesuitas y los Siervos de Jes\u00fas quienes est\u00e1n en Olanchito. Durante estos 20 a\u00f1os, los encuentros diocesanos se han celebrado anualmente en diferentes parroquias, solo interrumpidos durante la pandemia de la COVID-19, consolid\u00e1ndose como una tradici\u00f3n vital en la Di\u00f3cesis de Yoro enmarcada en la promoci\u00f3n vocacional.<\/p>\n\n\n\n<p><strong>\u00c9xito del evento y agradecimientos<\/strong><\/p>\n\n\n\n<p>El \u00e9xito del evento se debi\u00f3 al enorme trabajo realizado por el equipo de pastoral vocacional de la Parroquia Santa Rita de Casia, al P. Jos\u00e9 M\u00e1rtir Galeano, a la asistencia numerosa de las parroquias, al apoyo del Obispo y los sacerdotes presentes, al grupo de liturgia, al coro y a todos los voluntarios que se ofrecieron en preparar los alimentos y la log\u00edstica del lugar para recibir a las parroquias visitantes. Este esfuerzo conjunto demuestra el fuerte apoyo a las vocaciones actuales y futuras.<\/p>\n\n\n\n<p><strong>Espiritualidad de Santo Domingo Savio<\/strong><\/p>\n\n\n\n<p>El evento se desarroll\u00f3 bajo la espiritualidad de Santo Domingo Savio, patrono de los monaguillos, quien, a los siete a\u00f1os de edad, hizo compromisos que guiaron su vida: confesarse a menudo, recibir la Sagrada Comuni\u00f3n siempre que fuera posible, santificar los d\u00edas de fiesta, y mantener a Jes\u00fas y Mar\u00eda como sus amigos principales, prefiriendo morir antes que pecar. Estos valores fueron recordados y promovidos durante el encuentro, inspirando a los participantes a seguir el ejemplo de Santo Domingo Savio.<\/p>\n\n\n\n<p>Este exitoso encuentro no solo fortaleci\u00f3 la fe y el compromiso de los monaguillos y sus familias, sino que tambi\u00e9n reafirm\u00f3 la importancia de la promoci\u00f3n vocacional en la Di\u00f3cesis de Yoro, garantizando as\u00ed un futuro vibrante y dedicado para la Iglesia Cat\u00f3lica.<\/p>\n\n\n\n<!--more-->\n","protected":false},"excerpt":{"rendered":"<p>Santo Domingo Sabio \u00abAntes morir que pecar\u00bb El pasado 13 de julio de 2024, la Parroquia Santa Rita de Casia en la Di\u00f3cesis de Yoro fue el escenario del Encuentro &hellip; <a class=\"readmore\" href=\"https:\/\/diocesisdeyoro.com\/blog\/?p=26434\">Seguir leyendo &rarr;<\/a><\/p>\n","protected":false},"author":3,"featured_media":0,"comment_status":"open","ping_status":"open","sticky":false,"template":"","format":"standard","meta":{"_themeisle_gutenberg_block_has_review":false,"footnotes":""},"categories":[2],"tags":[],"class_list":["post-26434","post","type-post","status-publish","format-standard","hentry","category-avisos"],"_links":{"self":[{"href":"https:\/\/diocesisdeyoro.com\/blog\/index.php?rest_route=\/wp\/v2\/posts\/26434","targetHints":{"allow":["GET"]}}],"collection":[{"href":"https:\/\/diocesisdeyoro.com\/blog\/index.php?rest_route=\/wp\/v2\/posts"}],"about":[{"href":"https:\/\/diocesisdeyoro.com\/blog\/index.php?rest_route=\/wp\/v2\/types\/post"}],"author":[{"embeddable":true,"href":"https:\/\/diocesisdeyoro.com\/blog\/index.php?rest_route=\/wp\/v2\/users\/3"}],"replies":[{"embeddable":true,"href":"https:\/\/diocesisdeyoro.com\/blog\/index.php?rest_route=%2Fwp%2Fv2%2Fcomments&post=26434"}],"version-history":[{"count":20,"href":"https:\/\/diocesisdeyoro.com\/blog\/index.php?rest_route=\/wp\/v2\/posts\/26434\/revisions"}],"predecessor-version":[{"id":26469,"href":"https:\/\/diocesisdeyoro.com\/blog\/index.php?rest_route=\/wp\/v2\/posts\/26434\/revisions\/26469"}],"wp:attachment":[{"href":"https:\/\/diocesisdeyoro.com\/blog\/index.php?rest_route=%2Fwp%2Fv2%2Fmedia&parent=26434"}],"wp:term":[{"taxonomy":"category","embeddable":true,"href":"https:\/\/diocesisdeyoro.com\/blog\/index.php?rest_route=%2Fwp%2Fv2%2Fcategories&post=26434"},{"taxonomy":"post_tag","embeddable":true,"href":"https:\/\/diocesisdeyoro.com\/blog\/index.php?rest_route=%2Fwp%2Fv2%2Ftags&post=26434"}],"curies":[{"name":"wp","href":"https:\/\/api.w.org\/{rel}","templated":true}]}}