{"id":26471,"date":"2024-07-27T21:34:09","date_gmt":"2024-07-28T03:34:09","guid":{"rendered":"https:\/\/diocesisdeyoro.com\/blog\/?p=26471"},"modified":"2024-07-27T21:53:28","modified_gmt":"2024-07-28T03:53:28","slug":"clausura-del-mes-de-las-vocaciones-en-la-parroquia-inmaculada-concepcion-de-maria-en-sulaco-diocesis-de-yoro","status":"publish","type":"post","link":"https:\/\/diocesisdeyoro.com\/blog\/?p=26471","title":{"rendered":"Clausura del Mes de las Vocaciones en la Parroquia Inmaculada Concepci\u00f3n de Mar\u00eda en Sulaco, Di\u00f3cesis de Yoro."},"content":{"rendered":"\n<p>Informaci\u00f3n compartida por el P. Marcio Dar\u00edo, P\u00e1rroco de la parroquia Inmaculada Concepci\u00f3n de Mar\u00eda<\/p>\n\n\n\n<figure class=\"wp-block-image size-large is-resized\"><img loading=\"lazy\" decoding=\"async\" width=\"461\" height=\"1024\" src=\"https:\/\/diocesisdeyoro.com\/blog\/wp-content\/uploads\/2024\/07\/PS1-461x1024.jpg\" alt=\"\" class=\"wp-image-26472\" style=\"width:840px;height:auto\" srcset=\"https:\/\/diocesisdeyoro.com\/blog\/wp-content\/uploads\/2024\/07\/PS1-461x1024.jpg 461w, https:\/\/diocesisdeyoro.com\/blog\/wp-content\/uploads\/2024\/07\/PS1-135x300.jpg 135w, https:\/\/diocesisdeyoro.com\/blog\/wp-content\/uploads\/2024\/07\/PS1-691x1536.jpg 691w, https:\/\/diocesisdeyoro.com\/blog\/wp-content\/uploads\/2024\/07\/PS1.jpg 720w\" sizes=\"auto, (max-width: 461px) 100vw, 461px\" \/><\/figure>\n\n\n\n<p>Este d\u00eda s\u00e1bado 27 de julio de 2024, la Parroquia Inmaculada Concepci\u00f3n de Mar\u00eda que peregrina en el municipio de Sulaco, con la participaci\u00f3n de una numerosa cantidad de personas, en su mayor\u00eda j\u00f3venes, ha celebrado la clausura del Mes de las Vocaciones.<\/p>\n\n\n\n<figure class=\"wp-block-image size-large\"><img loading=\"lazy\" decoding=\"async\" width=\"1024\" height=\"461\" src=\"https:\/\/diocesisdeyoro.com\/blog\/wp-content\/uploads\/2024\/07\/PS2-1024x461.jpg\" alt=\"\" class=\"wp-image-26473\" srcset=\"https:\/\/diocesisdeyoro.com\/blog\/wp-content\/uploads\/2024\/07\/PS2-1024x461.jpg 1024w, https:\/\/diocesisdeyoro.com\/blog\/wp-content\/uploads\/2024\/07\/PS2-300x135.jpg 300w, https:\/\/diocesisdeyoro.com\/blog\/wp-content\/uploads\/2024\/07\/PS2-768x346.jpg 768w, https:\/\/diocesisdeyoro.com\/blog\/wp-content\/uploads\/2024\/07\/PS2-1536x691.jpg 1536w, https:\/\/diocesisdeyoro.com\/blog\/wp-content\/uploads\/2024\/07\/PS2.jpg 1600w\" sizes=\"auto, (max-width: 1024px) 100vw, 1024px\" \/><\/figure>\n\n\n\n<figure class=\"wp-block-image size-large\"><img loading=\"lazy\" decoding=\"async\" width=\"1024\" height=\"461\" src=\"https:\/\/diocesisdeyoro.com\/blog\/wp-content\/uploads\/2024\/07\/PS3-1024x461.jpg\" alt=\"\" class=\"wp-image-26474\" srcset=\"https:\/\/diocesisdeyoro.com\/blog\/wp-content\/uploads\/2024\/07\/PS3-1024x461.jpg 1024w, https:\/\/diocesisdeyoro.com\/blog\/wp-content\/uploads\/2024\/07\/PS3-300x135.jpg 300w, https:\/\/diocesisdeyoro.com\/blog\/wp-content\/uploads\/2024\/07\/PS3-768x346.jpg 768w, https:\/\/diocesisdeyoro.com\/blog\/wp-content\/uploads\/2024\/07\/PS3-1536x691.jpg 1536w, https:\/\/diocesisdeyoro.com\/blog\/wp-content\/uploads\/2024\/07\/PS3.jpg 1600w\" sizes=\"auto, (max-width: 1024px) 100vw, 1024px\" \/><\/figure>\n\n\n\n<p>Este gran evento religioso se inici\u00f3 con una enorme caminata por las diferentes calles del pueblo de Sulaco, los fieles llevaban pancartas con mensajes alusivos al evento que se celebraba, luego se desarroll\u00f3 en el Templo Parroquial un programa en el que hab\u00edan diferentes participaciones.<\/p>\n\n\n\n<p>Finalmente se celebr\u00f3 la Santa Eucarist\u00eda, presidida por Monse\u00f1or H\u00e9ctor David Garc\u00eda Osorio y concelebrada por el Padre Marcio Dar\u00edo Mej\u00eda Duarte, p\u00e1rroco de esta parroquia.<\/p>\n\n\n\n<p>La Misa fue animada por el coro de ni\u00f1os de la comunidad de Pimientilla, estos ni\u00f1os por esa gran participaci\u00f3n se ganaron los numerosos aplausos de los presentes.<\/p>\n\n\n\n<p>Sigamos orando todos al Se\u00f1or due\u00f1o de la mies, para que nos siga enviando muchas pero much\u00edsimas vocaciones.<\/p>\n\n\n\n<figure class=\"wp-block-image size-large\"><img loading=\"lazy\" decoding=\"async\" width=\"1024\" height=\"461\" src=\"https:\/\/diocesisdeyoro.com\/blog\/wp-content\/uploads\/2024\/07\/PS4-1024x461.jpg\" alt=\"\" class=\"wp-image-26475\" srcset=\"https:\/\/diocesisdeyoro.com\/blog\/wp-content\/uploads\/2024\/07\/PS4-1024x461.jpg 1024w, https:\/\/diocesisdeyoro.com\/blog\/wp-content\/uploads\/2024\/07\/PS4-300x135.jpg 300w, https:\/\/diocesisdeyoro.com\/blog\/wp-content\/uploads\/2024\/07\/PS4-768x346.jpg 768w, https:\/\/diocesisdeyoro.com\/blog\/wp-content\/uploads\/2024\/07\/PS4-1536x691.jpg 1536w, https:\/\/diocesisdeyoro.com\/blog\/wp-content\/uploads\/2024\/07\/PS4.jpg 1600w\" sizes=\"auto, (max-width: 1024px) 100vw, 1024px\" \/><\/figure>\n\n\n\n<figure class=\"wp-block-image size-large\"><img loading=\"lazy\" decoding=\"async\" width=\"1024\" height=\"461\" src=\"https:\/\/diocesisdeyoro.com\/blog\/wp-content\/uploads\/2024\/07\/PS5-1024x461.jpg\" alt=\"\" class=\"wp-image-26477\" srcset=\"https:\/\/diocesisdeyoro.com\/blog\/wp-content\/uploads\/2024\/07\/PS5-1024x461.jpg 1024w, https:\/\/diocesisdeyoro.com\/blog\/wp-content\/uploads\/2024\/07\/PS5-300x135.jpg 300w, https:\/\/diocesisdeyoro.com\/blog\/wp-content\/uploads\/2024\/07\/PS5-768x346.jpg 768w, https:\/\/diocesisdeyoro.com\/blog\/wp-content\/uploads\/2024\/07\/PS5-1536x691.jpg 1536w, https:\/\/diocesisdeyoro.com\/blog\/wp-content\/uploads\/2024\/07\/PS5.jpg 1600w\" sizes=\"auto, (max-width: 1024px) 100vw, 1024px\" \/><\/figure>\n\n\n\n<figure class=\"wp-block-image size-large is-resized\"><img loading=\"lazy\" decoding=\"async\" width=\"461\" height=\"1024\" src=\"https:\/\/diocesisdeyoro.com\/blog\/wp-content\/uploads\/2024\/07\/PS6-461x1024.jpg\" alt=\"\" class=\"wp-image-26478\" style=\"width:840px;height:auto\" srcset=\"https:\/\/diocesisdeyoro.com\/blog\/wp-content\/uploads\/2024\/07\/PS6-461x1024.jpg 461w, https:\/\/diocesisdeyoro.com\/blog\/wp-content\/uploads\/2024\/07\/PS6-135x300.jpg 135w, https:\/\/diocesisdeyoro.com\/blog\/wp-content\/uploads\/2024\/07\/PS6-691x1536.jpg 691w, https:\/\/diocesisdeyoro.com\/blog\/wp-content\/uploads\/2024\/07\/PS6.jpg 720w\" sizes=\"auto, (max-width: 461px) 100vw, 461px\" \/><\/figure>\n\n\n\n<figure class=\"wp-block-image size-large is-resized\"><img loading=\"lazy\" decoding=\"async\" width=\"1024\" height=\"576\" src=\"https:\/\/diocesisdeyoro.com\/blog\/wp-content\/uploads\/2024\/07\/PS8-1024x576.jpg\" alt=\"\" class=\"wp-image-26479\" style=\"width:840px;height:auto\" srcset=\"https:\/\/diocesisdeyoro.com\/blog\/wp-content\/uploads\/2024\/07\/PS8-1024x576.jpg 1024w, https:\/\/diocesisdeyoro.com\/blog\/wp-content\/uploads\/2024\/07\/PS8-300x169.jpg 300w, https:\/\/diocesisdeyoro.com\/blog\/wp-content\/uploads\/2024\/07\/PS8-768x432.jpg 768w, https:\/\/diocesisdeyoro.com\/blog\/wp-content\/uploads\/2024\/07\/PS8-1536x864.jpg 1536w, https:\/\/diocesisdeyoro.com\/blog\/wp-content\/uploads\/2024\/07\/PS8.jpg 1600w\" sizes=\"auto, (max-width: 1024px) 100vw, 1024px\" \/><\/figure>\n\n\n\n<figure class=\"wp-block-image size-large\"><img loading=\"lazy\" decoding=\"async\" width=\"1024\" height=\"576\" src=\"https:\/\/diocesisdeyoro.com\/blog\/wp-content\/uploads\/2024\/07\/PS9-1024x576.jpg\" alt=\"\" class=\"wp-image-26480\" srcset=\"https:\/\/diocesisdeyoro.com\/blog\/wp-content\/uploads\/2024\/07\/PS9-1024x576.jpg 1024w, https:\/\/diocesisdeyoro.com\/blog\/wp-content\/uploads\/2024\/07\/PS9-300x169.jpg 300w, https:\/\/diocesisdeyoro.com\/blog\/wp-content\/uploads\/2024\/07\/PS9-768x432.jpg 768w, https:\/\/diocesisdeyoro.com\/blog\/wp-content\/uploads\/2024\/07\/PS9-1536x864.jpg 1536w, https:\/\/diocesisdeyoro.com\/blog\/wp-content\/uploads\/2024\/07\/PS9.jpg 1600w\" sizes=\"auto, (max-width: 1024px) 100vw, 1024px\" \/><\/figure>\n\n\n\n<figure class=\"wp-block-image size-large\"><img loading=\"lazy\" decoding=\"async\" width=\"1024\" height=\"576\" src=\"https:\/\/diocesisdeyoro.com\/blog\/wp-content\/uploads\/2024\/07\/PS10-1024x576.jpg\" alt=\"\" class=\"wp-image-26481\" srcset=\"https:\/\/diocesisdeyoro.com\/blog\/wp-content\/uploads\/2024\/07\/PS10-1024x576.jpg 1024w, https:\/\/diocesisdeyoro.com\/blog\/wp-content\/uploads\/2024\/07\/PS10-300x169.jpg 300w, https:\/\/diocesisdeyoro.com\/blog\/wp-content\/uploads\/2024\/07\/PS10-768x432.jpg 768w, https:\/\/diocesisdeyoro.com\/blog\/wp-content\/uploads\/2024\/07\/PS10-1536x864.jpg 1536w, https:\/\/diocesisdeyoro.com\/blog\/wp-content\/uploads\/2024\/07\/PS10.jpg 1600w\" sizes=\"auto, (max-width: 1024px) 100vw, 1024px\" \/><\/figure>\n\n\n\n<figure class=\"wp-block-image size-large\"><img loading=\"lazy\" decoding=\"async\" width=\"1024\" height=\"576\" src=\"https:\/\/diocesisdeyoro.com\/blog\/wp-content\/uploads\/2024\/07\/PS11-1024x576.jpg\" alt=\"\" class=\"wp-image-26482\" srcset=\"https:\/\/diocesisdeyoro.com\/blog\/wp-content\/uploads\/2024\/07\/PS11-1024x576.jpg 1024w, https:\/\/diocesisdeyoro.com\/blog\/wp-content\/uploads\/2024\/07\/PS11-300x169.jpg 300w, https:\/\/diocesisdeyoro.com\/blog\/wp-content\/uploads\/2024\/07\/PS11-768x432.jpg 768w, https:\/\/diocesisdeyoro.com\/blog\/wp-content\/uploads\/2024\/07\/PS11-1536x864.jpg 1536w, https:\/\/diocesisdeyoro.com\/blog\/wp-content\/uploads\/2024\/07\/PS11.jpg 1600w\" sizes=\"auto, (max-width: 1024px) 100vw, 1024px\" \/><\/figure>\n\n\n\n<figure class=\"wp-block-image size-large\"><img loading=\"lazy\" decoding=\"async\" width=\"1024\" height=\"576\" src=\"https:\/\/diocesisdeyoro.com\/blog\/wp-content\/uploads\/2024\/07\/PS12-1024x576.jpg\" alt=\"\" class=\"wp-image-26483\" srcset=\"https:\/\/diocesisdeyoro.com\/blog\/wp-content\/uploads\/2024\/07\/PS12-1024x576.jpg 1024w, https:\/\/diocesisdeyoro.com\/blog\/wp-content\/uploads\/2024\/07\/PS12-300x169.jpg 300w, https:\/\/diocesisdeyoro.com\/blog\/wp-content\/uploads\/2024\/07\/PS12-768x432.jpg 768w, https:\/\/diocesisdeyoro.com\/blog\/wp-content\/uploads\/2024\/07\/PS12-1536x864.jpg 1536w, https:\/\/diocesisdeyoro.com\/blog\/wp-content\/uploads\/2024\/07\/PS12.jpg 1600w\" sizes=\"auto, (max-width: 1024px) 100vw, 1024px\" \/><\/figure>\n\n\n\n<figure class=\"wp-block-image size-large is-resized\"><img loading=\"lazy\" decoding=\"async\" width=\"1024\" height=\"576\" src=\"https:\/\/diocesisdeyoro.com\/blog\/wp-content\/uploads\/2024\/07\/PS13-1024x576.jpg\" alt=\"\" class=\"wp-image-26484\" style=\"width:840px;height:auto\" srcset=\"https:\/\/diocesisdeyoro.com\/blog\/wp-content\/uploads\/2024\/07\/PS13-1024x576.jpg 1024w, https:\/\/diocesisdeyoro.com\/blog\/wp-content\/uploads\/2024\/07\/PS13-300x169.jpg 300w, https:\/\/diocesisdeyoro.com\/blog\/wp-content\/uploads\/2024\/07\/PS13-768x432.jpg 768w, https:\/\/diocesisdeyoro.com\/blog\/wp-content\/uploads\/2024\/07\/PS13-1536x864.jpg 1536w, https:\/\/diocesisdeyoro.com\/blog\/wp-content\/uploads\/2024\/07\/PS13.jpg 1600w\" sizes=\"auto, (max-width: 1024px) 100vw, 1024px\" \/><\/figure>\n\n\n\n<p>Es valioso tambi\u00e9n mencionar que llegaron varias religiosas, ellas dieron un mensaje vocacional a la comunidad presente.<\/p>\n\n\n\n<figure class=\"wp-block-image size-large\"><img loading=\"lazy\" decoding=\"async\" width=\"1024\" height=\"576\" src=\"https:\/\/diocesisdeyoro.com\/blog\/wp-content\/uploads\/2024\/07\/PS14-1024x576.jpg\" alt=\"\" class=\"wp-image-26485\" srcset=\"https:\/\/diocesisdeyoro.com\/blog\/wp-content\/uploads\/2024\/07\/PS14-1024x576.jpg 1024w, https:\/\/diocesisdeyoro.com\/blog\/wp-content\/uploads\/2024\/07\/PS14-300x169.jpg 300w, https:\/\/diocesisdeyoro.com\/blog\/wp-content\/uploads\/2024\/07\/PS14-768x432.jpg 768w, https:\/\/diocesisdeyoro.com\/blog\/wp-content\/uploads\/2024\/07\/PS14-1536x864.jpg 1536w, https:\/\/diocesisdeyoro.com\/blog\/wp-content\/uploads\/2024\/07\/PS14.jpg 1600w\" sizes=\"auto, (max-width: 1024px) 100vw, 1024px\" \/><\/figure>\n\n\n\n<figure class=\"wp-block-image size-large\"><img loading=\"lazy\" decoding=\"async\" width=\"1024\" height=\"576\" src=\"https:\/\/diocesisdeyoro.com\/blog\/wp-content\/uploads\/2024\/07\/PS15-1024x576.jpg\" alt=\"\" class=\"wp-image-26486\" srcset=\"https:\/\/diocesisdeyoro.com\/blog\/wp-content\/uploads\/2024\/07\/PS15-1024x576.jpg 1024w, https:\/\/diocesisdeyoro.com\/blog\/wp-content\/uploads\/2024\/07\/PS15-300x169.jpg 300w, https:\/\/diocesisdeyoro.com\/blog\/wp-content\/uploads\/2024\/07\/PS15-768x432.jpg 768w, https:\/\/diocesisdeyoro.com\/blog\/wp-content\/uploads\/2024\/07\/PS15-1536x864.jpg 1536w, https:\/\/diocesisdeyoro.com\/blog\/wp-content\/uploads\/2024\/07\/PS15.jpg 1600w\" sizes=\"auto, (max-width: 1024px) 100vw, 1024px\" \/><\/figure>\n\n\n\n<figure class=\"wp-block-image size-large\"><img loading=\"lazy\" decoding=\"async\" width=\"1024\" height=\"576\" src=\"https:\/\/diocesisdeyoro.com\/blog\/wp-content\/uploads\/2024\/07\/PS17-1024x576.jpg\" alt=\"\" class=\"wp-image-26487\" srcset=\"https:\/\/diocesisdeyoro.com\/blog\/wp-content\/uploads\/2024\/07\/PS17-1024x576.jpg 1024w, https:\/\/diocesisdeyoro.com\/blog\/wp-content\/uploads\/2024\/07\/PS17-300x169.jpg 300w, https:\/\/diocesisdeyoro.com\/blog\/wp-content\/uploads\/2024\/07\/PS17-768x432.jpg 768w, https:\/\/diocesisdeyoro.com\/blog\/wp-content\/uploads\/2024\/07\/PS17-1536x864.jpg 1536w, https:\/\/diocesisdeyoro.com\/blog\/wp-content\/uploads\/2024\/07\/PS17.jpg 1600w\" sizes=\"auto, (max-width: 1024px) 100vw, 1024px\" \/><\/figure>\n\n\n\n<p><strong>En conclusi\u00f3n: <\/strong><\/p>\n\n\n\n<p><strong>Reafirmaci\u00f3n del Compromiso Comunitario y Vocacional<\/strong>: La clausura del Mes de las Vocaciones en la Parroquia Inmaculada Concepci\u00f3n de Mar\u00eda fue una manifestaci\u00f3n contundente de la unidad y el compromiso de la comunidad de Sulaco con su fe y su misi\u00f3n espiritual. La participaci\u00f3n activa de j\u00f3venes y adultos en la caminata, as\u00ed como su presencia en las actividades del programa, subraya la importancia de la vocaci\u00f3n como el prop\u00f3sito divino que cada persona debe cumplir. Este evento demostr\u00f3 c\u00f3mo la comunidad, inspirada por el amor de Dios, se esfuerza por vivir de acuerdo con la vocaci\u00f3n fundamental e innata de todo ser humano, que es amar y servir a Dios y al pr\u00f3jimo, como se explica en el Catecismo de la Iglesia Cat\u00f3lica, 1604 y 1703.<\/p>\n\n\n\n<p><strong>Inspiraci\u00f3n y Renovaci\u00f3n de la Esperanza Vocacional<\/strong>: La celebraci\u00f3n de la Santa Eucarist\u00eda, presidida por Monse\u00f1or H\u00e9ctor David Garc\u00eda Osorio y concelebrada por el Padre Marcio Dar\u00edo Mej\u00eda Duarte, junto con la animaci\u00f3n del coro de ni\u00f1os de la comunidad de Pimientilla, no solo enriqueci\u00f3 la jornada, sino que tambi\u00e9n inspir\u00f3 a todos los presentes. Los mensajes vocacionales ofrecidos por las religiosas reforzaron el llamado a seguir orando y fomentando vocaciones dentro de la comunidad. Este evento, al destacar la importancia de las vocaciones en la misi\u00f3n evangelizadora de la Iglesia, renov\u00f3 la esperanza y el compromiso de la comunidad para seguir apoyando y promoviendo nuevas vocaciones, asegurando as\u00ed la continuidad de la obra de Dios en el mundo.<\/p>\n","protected":false},"excerpt":{"rendered":"<p>Informaci\u00f3n compartida por el P. Marcio Dar\u00edo, P\u00e1rroco de la parroquia Inmaculada Concepci\u00f3n de Mar\u00eda Este d\u00eda s\u00e1bado 27 de julio de 2024, la Parroquia Inmaculada Concepci\u00f3n de Mar\u00eda que &hellip; <a class=\"readmore\" href=\"https:\/\/diocesisdeyoro.com\/blog\/?p=26471\">Seguir leyendo &rarr;<\/a><\/p>\n","protected":false},"author":3,"featured_media":0,"comment_status":"open","ping_status":"open","sticky":false,"template":"","format":"standard","meta":{"_themeisle_gutenberg_block_has_review":false,"footnotes":""},"categories":[2],"tags":[],"class_list":["post-26471","post","type-post","status-publish","format-standard","hentry","category-avisos"],"_links":{"self":[{"href":"https:\/\/diocesisdeyoro.com\/blog\/index.php?rest_route=\/wp\/v2\/posts\/26471","targetHints":{"allow":["GET"]}}],"collection":[{"href":"https:\/\/diocesisdeyoro.com\/blog\/index.php?rest_route=\/wp\/v2\/posts"}],"about":[{"href":"https:\/\/diocesisdeyoro.com\/blog\/index.php?rest_route=\/wp\/v2\/types\/post"}],"author":[{"embeddable":true,"href":"https:\/\/diocesisdeyoro.com\/blog\/index.php?rest_route=\/wp\/v2\/users\/3"}],"replies":[{"embeddable":true,"href":"https:\/\/diocesisdeyoro.com\/blog\/index.php?rest_route=%2Fwp%2Fv2%2Fcomments&post=26471"}],"version-history":[{"count":4,"href":"https:\/\/diocesisdeyoro.com\/blog\/index.php?rest_route=\/wp\/v2\/posts\/26471\/revisions"}],"predecessor-version":[{"id":26495,"href":"https:\/\/diocesisdeyoro.com\/blog\/index.php?rest_route=\/wp\/v2\/posts\/26471\/revisions\/26495"}],"wp:attachment":[{"href":"https:\/\/diocesisdeyoro.com\/blog\/index.php?rest_route=%2Fwp%2Fv2%2Fmedia&parent=26471"}],"wp:term":[{"taxonomy":"category","embeddable":true,"href":"https:\/\/diocesisdeyoro.com\/blog\/index.php?rest_route=%2Fwp%2Fv2%2Fcategories&post=26471"},{"taxonomy":"post_tag","embeddable":true,"href":"https:\/\/diocesisdeyoro.com\/blog\/index.php?rest_route=%2Fwp%2Fv2%2Ftags&post=26471"}],"curies":[{"name":"wp","href":"https:\/\/api.w.org\/{rel}","templated":true}]}}