{"id":26520,"date":"2024-08-06T16:49:06","date_gmt":"2024-08-06T22:49:06","guid":{"rendered":"https:\/\/diocesisdeyoro.com\/blog\/?p=26520"},"modified":"2024-08-06T19:59:13","modified_gmt":"2024-08-07T01:59:13","slug":"formacion-para-nuevos-ministros-de-la-sagrada-comunion-parroquia-de-santa-rita-de-casia","status":"publish","type":"post","link":"https:\/\/diocesisdeyoro.com\/blog\/?p=26520","title":{"rendered":"Formaci\u00f3n para nuevos Ministros Extraordinarios de la Sagrada Comuni\u00f3n, Parroquia de Santa Rita de Casia."},"content":{"rendered":"\n<figure class=\"wp-block-image size-full\"><img loading=\"lazy\" decoding=\"async\" width=\"750\" height=\"562\" src=\"https:\/\/diocesisdeyoro.com\/blog\/wp-content\/uploads\/2024\/08\/Imagen-de-WhatsApp-2024-08-06-a-las-16.45.27_f36273aa.jpg\" alt=\"\" class=\"wp-image-26522\" srcset=\"https:\/\/diocesisdeyoro.com\/blog\/wp-content\/uploads\/2024\/08\/Imagen-de-WhatsApp-2024-08-06-a-las-16.45.27_f36273aa.jpg 750w, https:\/\/diocesisdeyoro.com\/blog\/wp-content\/uploads\/2024\/08\/Imagen-de-WhatsApp-2024-08-06-a-las-16.45.27_f36273aa-300x225.jpg 300w\" sizes=\"auto, (max-width: 750px) 100vw, 750px\" \/><\/figure>\n\n\n\n<p><strong>La formaci\u00f3n fue impartida por el hermano Ernesto Hern\u00e1ndez y la hermana Natalia Berm\u00fadez, quienes forman parte del equipo de formaci\u00f3n de la Parroquia Nuestra Se\u00f1ora de Los Desamparados de Moraz\u00e1n Yoro. <\/strong><\/p>\n\n\n\n<p>La Parroquia de Santa Rita de Casia ha llevado a cabo una formaci\u00f3n intensiva para los Ministros Extraordinarios de la Sagrada Comuni\u00f3n los d\u00edas 3 y 4 de agosto de 2024. Esta formaci\u00f3n tuvo como objetivo preparar a los laicos seleccionados para desempe\u00f1ar este importante ministerio, asegurando que cumplan con las necesidades lit\u00fargicas y pastorales de la comunidad. A continuaci\u00f3n, se presenta un resumen detallado de los temas abordados durante la formaci\u00f3n:<\/p>\n\n\n\n<p>Link de p\u00e1gina Facebook parroquial.<\/p>\n\n\n\n<p><a href=\"https:\/\/www.facebook.com\/share\/p\/KBzTrNstYKdZpsEn\/?mibextid=oFDknk\">https:\/\/www.facebook.com\/share\/p\/KBzTrNstYKdZpsEn\/?mibextid=oFDknk<\/a><\/p>\n\n\n\n<p><strong>1. \u00bfQu\u00e9 es un Ministro Extraordinario de la Sagrada Comuni\u00f3n?<\/strong><\/p>\n\n\n\n<p>Un Ministro Extraordinario de la Sagrada Comuni\u00f3n es un laico autorizado para distribuir la Eucarist\u00eda cuando un sacerdote o di\u00e1cono no est\u00e1 disponible o en situaciones donde la cantidad de fieles es tan grande que requiere asistencia adicional. Estos ministros, conocidos como Ministros Extraordinarios de la Sagrada Comuni\u00f3n, desempe\u00f1an un ministerio laical contemplado en la Iglesia Cat\u00f3lica y estipulado en el Canon 230, p\u00e1rrafo tercero del Derecho Can\u00f3nico. Este canon establece: \u201cDonde lo aconseje la necesidad de la Iglesia y no haya ministros, pueden los laicos, aunque no sean lectores ni ac\u00f3litos, suplirles en algunas de sus funciones, es decir, ejercitar el ministerio de la palabra, presidir las oraciones lit\u00fargicas, administrar el bautismo y dar la sagrada Comuni\u00f3n seg\u00fan la prescripci\u00f3n del derecho\u201d.<\/p>\n\n\n\n<figure class=\"wp-block-image size-large\"><img loading=\"lazy\" decoding=\"async\" width=\"1024\" height=\"769\" src=\"https:\/\/diocesisdeyoro.com\/blog\/wp-content\/uploads\/2024\/08\/Imagen-de-WhatsApp-2024-08-06-a-las-16.46.34_38c4f360-1024x769.jpg\" alt=\"\" class=\"wp-image-26523\" srcset=\"https:\/\/diocesisdeyoro.com\/blog\/wp-content\/uploads\/2024\/08\/Imagen-de-WhatsApp-2024-08-06-a-las-16.46.34_38c4f360-1024x769.jpg 1024w, https:\/\/diocesisdeyoro.com\/blog\/wp-content\/uploads\/2024\/08\/Imagen-de-WhatsApp-2024-08-06-a-las-16.46.34_38c4f360-300x225.jpg 300w, https:\/\/diocesisdeyoro.com\/blog\/wp-content\/uploads\/2024\/08\/Imagen-de-WhatsApp-2024-08-06-a-las-16.46.34_38c4f360-768x577.jpg 768w, https:\/\/diocesisdeyoro.com\/blog\/wp-content\/uploads\/2024\/08\/Imagen-de-WhatsApp-2024-08-06-a-las-16.46.34_38c4f360.jpg 1080w\" sizes=\"auto, (max-width: 1024px) 100vw, 1024px\" \/><\/figure>\n\n\n\n<p><strong>2. \u00bfPor qu\u00e9 la Iglesia regula la liturgia?<\/strong><\/p>\n\n\n\n<p>La Iglesia regula la liturgia para mantener la uniformidad y la reverencia en las celebraciones eucar\u00edsticas. Esto asegura que todos los fieles, sin importar d\u00f3nde se encuentren, puedan participar en una liturgia que sea fiel a las ense\u00f1anzas y tradiciones de la Iglesia.<\/p>\n\n\n\n<p><strong>3. \u00bfCu\u00e1ndo se debe llamar a un ministro?<\/strong><\/p>\n\n\n\n<p>Un ministro de la Sagrada Comuni\u00f3n es llamado en las siguientes circunstancias:<\/p>\n\n\n\n<ul class=\"wp-block-list\">\n<li>Cuando no hay un sacerdote, di\u00e1cono o ac\u00f3lito disponible.<\/li>\n\n\n\n<li>Cuando los ministros ordenados presentes est\u00e1n impedidos por otras responsabilidades pastorales, problemas de salud o edad avanzada.<\/li>\n\n\n\n<li>Cuando la cantidad de fieles es tan grande que la distribuci\u00f3n de la comuni\u00f3n se alargar\u00eda demasiado.<\/li>\n<\/ul>\n\n\n\n<p><strong>4. Requisitos para ser ministro<\/strong><\/p>\n\n\n\n<p>Para ser un Ministro de la Sagrada Comuni\u00f3n, el candidato debe:<\/p>\n\n\n\n<ul class=\"wp-block-list\">\n<li>Estar adecuadamente instruido en la doctrina de la Iglesia.<\/li>\n\n\n\n<li>Ser recomendable por su vida, fe y costumbres.<\/li>\n\n\n\n<li>No ser alguien cuya designaci\u00f3n pudiera causar admiraci\u00f3n negativa entre los fieles, tal como se especifica en el canon 231 del Derecho Can\u00f3nico, que tambi\u00e9n establece la necesidad de la debida formaci\u00f3n, conciencia y generosidad para ejercer este ministerio laical.<\/li>\n<\/ul>\n\n\n\n<p><strong>5. Selecci\u00f3n de ministro<\/strong><\/p>\n\n\n\n<p>La selecci\u00f3n de los ministros es un proceso riguroso que involucra la recomendaci\u00f3n de miembros de la comunidad y la aprobaci\u00f3n del p\u00e1rroco. Los candidatos deben demostrar un fuerte compromiso con la fe y una vida ejemplar.<\/p>\n\n\n\n<p><strong>6. Estilo de vida del ministro<\/strong><\/p>\n\n\n\n<p>El ministro debe llevar un estilo de vida que refleje los valores cristianos. Debe ser un modelo de fe, caridad y humildad para la comunidad, participando activamente en la vida parroquial y manteniendo una vida de oraci\u00f3n constante.<\/p>\n\n\n\n<p><strong>7. Entrenamiento del ministro<\/strong><\/p>\n\n\n\n<p>El entrenamiento incluye instrucci\u00f3n teol\u00f3gica sobre la Eucarist\u00eda, formaci\u00f3n lit\u00fargica y pr\u00e1ctica en la distribuci\u00f3n de la comuni\u00f3n. Tambi\u00e9n se les ense\u00f1a c\u00f3mo llevar la comuni\u00f3n a los enfermos y los protocolos a seguir en diversas situaciones pastorales.<\/p>\n\n\n\n<p><strong>8. Terminolog\u00eda del ministro<\/strong><\/p>\n\n\n\n<p>Durante la formaci\u00f3n, los participantes aprenden la terminolog\u00eda espec\u00edfica relacionada con su ministerio, incluyendo t\u00e9rminos lit\u00fargicos y eucar\u00edsticos, para asegurar una comprensi\u00f3n clara y precisa de sus responsabilidades.<\/p>\n\n\n\n<p><strong>Necesidad de este Ministerio<\/strong><\/p>\n\n\n\n<figure class=\"wp-block-image size-large\"><img loading=\"lazy\" decoding=\"async\" width=\"1024\" height=\"768\" src=\"https:\/\/diocesisdeyoro.com\/blog\/wp-content\/uploads\/2024\/08\/Imagen-de-WhatsApp-2024-08-06-a-las-16.40.02_741947ea-1024x768.jpg\" alt=\"\" class=\"wp-image-26524\" srcset=\"https:\/\/diocesisdeyoro.com\/blog\/wp-content\/uploads\/2024\/08\/Imagen-de-WhatsApp-2024-08-06-a-las-16.40.02_741947ea-1024x768.jpg 1024w, https:\/\/diocesisdeyoro.com\/blog\/wp-content\/uploads\/2024\/08\/Imagen-de-WhatsApp-2024-08-06-a-las-16.40.02_741947ea-300x225.jpg 300w, https:\/\/diocesisdeyoro.com\/blog\/wp-content\/uploads\/2024\/08\/Imagen-de-WhatsApp-2024-08-06-a-las-16.40.02_741947ea-768x576.jpg 768w, https:\/\/diocesisdeyoro.com\/blog\/wp-content\/uploads\/2024\/08\/Imagen-de-WhatsApp-2024-08-06-a-las-16.40.02_741947ea.jpg 1280w\" sizes=\"auto, (max-width: 1024px) 100vw, 1024px\" \/><\/figure>\n\n\n\n<p>La constituci\u00f3n de este ministerio se basa en la necesidad de garantizar que la Eucarist\u00eda sea accesible a todos los fieles, especialmente en circunstancias donde los sacerdotes y di\u00e1conos no pueden hacerlo por s\u00ed mismos. Seg\u00fan el documento pontificio <strong>Immensae Caritatis<\/strong> de S.S. Pablo VI, del 29 de enero de 1973, la necesidad se justifica en los siguientes casos:<\/p>\n\n\n\n<ul class=\"wp-block-list\">\n<li>La ausencia de un sacerdote, di\u00e1cono o ac\u00f3lito.<\/li>\n\n\n\n<li>La imposibilidad de los ministros ordenados para distribuir la comuni\u00f3n debido a otras responsabilidades pastorales, problemas de salud o edad avanzada.<\/li>\n\n\n\n<li>La cantidad excesiva de fieles que requiere la asistencia para evitar prolongar innecesariamente la Misa.<\/li>\n<\/ul>\n\n\n\n<p>El C\u00f3digo de Derecho Can\u00f3nico, promulgado el 25 de enero de 1983, en sus c\u00e1nones 230 y 231, proporciona la base legal para este ministerio, asegurando que los laicos est\u00e9n adecuadamente formados y comprometidos con sus responsabilidades lit\u00fargicas.<\/p>\n\n\n\n<p><strong>Conclusi\u00f3n:<\/strong> La formaci\u00f3n para Ministros de la Sagrada Comuni\u00f3n en la Parroquia de Santa Rita de Casia ha sido una iniciativa fundamental para asegurar que todos los fieles puedan acceder a la Eucarist\u00eda de manera reverente y ordenada. La Iglesia, a trav\u00e9s de este ministerio, contin\u00faa velando por las necesidades espirituales de sus hijos, haciendo accesible el Cuerpo de Cristo a todos aquellos que lo necesiten.<\/p>\n","protected":false},"excerpt":{"rendered":"<p>La formaci\u00f3n fue impartida por el hermano Ernesto Hern\u00e1ndez y la hermana Natalia Berm\u00fadez, quienes forman parte del equipo de formaci\u00f3n de la Parroquia Nuestra Se\u00f1ora de Los Desamparados de &hellip; <a class=\"readmore\" href=\"https:\/\/diocesisdeyoro.com\/blog\/?p=26520\">Seguir leyendo &rarr;<\/a><\/p>\n","protected":false},"author":3,"featured_media":0,"comment_status":"open","ping_status":"open","sticky":false,"template":"","format":"standard","meta":{"_themeisle_gutenberg_block_has_review":false,"footnotes":""},"categories":[2],"tags":[],"class_list":["post-26520","post","type-post","status-publish","format-standard","hentry","category-avisos"],"_links":{"self":[{"href":"https:\/\/diocesisdeyoro.com\/blog\/index.php?rest_route=\/wp\/v2\/posts\/26520","targetHints":{"allow":["GET"]}}],"collection":[{"href":"https:\/\/diocesisdeyoro.com\/blog\/index.php?rest_route=\/wp\/v2\/posts"}],"about":[{"href":"https:\/\/diocesisdeyoro.com\/blog\/index.php?rest_route=\/wp\/v2\/types\/post"}],"author":[{"embeddable":true,"href":"https:\/\/diocesisdeyoro.com\/blog\/index.php?rest_route=\/wp\/v2\/users\/3"}],"replies":[{"embeddable":true,"href":"https:\/\/diocesisdeyoro.com\/blog\/index.php?rest_route=%2Fwp%2Fv2%2Fcomments&post=26520"}],"version-history":[{"count":9,"href":"https:\/\/diocesisdeyoro.com\/blog\/index.php?rest_route=\/wp\/v2\/posts\/26520\/revisions"}],"predecessor-version":[{"id":26539,"href":"https:\/\/diocesisdeyoro.com\/blog\/index.php?rest_route=\/wp\/v2\/posts\/26520\/revisions\/26539"}],"wp:attachment":[{"href":"https:\/\/diocesisdeyoro.com\/blog\/index.php?rest_route=%2Fwp%2Fv2%2Fmedia&parent=26520"}],"wp:term":[{"taxonomy":"category","embeddable":true,"href":"https:\/\/diocesisdeyoro.com\/blog\/index.php?rest_route=%2Fwp%2Fv2%2Fcategories&post=26520"},{"taxonomy":"post_tag","embeddable":true,"href":"https:\/\/diocesisdeyoro.com\/blog\/index.php?rest_route=%2Fwp%2Fv2%2Ftags&post=26520"}],"curies":[{"name":"wp","href":"https:\/\/api.w.org\/{rel}","templated":true}]}}