{"id":26541,"date":"2024-08-18T12:33:13","date_gmt":"2024-08-18T18:33:13","guid":{"rendered":"https:\/\/diocesisdeyoro.com\/blog\/?p=26541"},"modified":"2024-08-19T00:48:17","modified_gmt":"2024-08-19T06:48:17","slug":"encuentro-diocesano-de-la-familia-diocesis-de-yoro","status":"publish","type":"post","link":"https:\/\/diocesisdeyoro.com\/blog\/?p=26541","title":{"rendered":"Encuentro Diocesano de las Familias, Sede Parroquia San Jorge de Olanchito, Di\u00f3cesis de Yoro."},"content":{"rendered":"\n<p><strong>Lema: <\/strong>\u00ab<em><strong>Familias Cristianas Participando en La Construcci\u00f3n de un Mundo Nuevo\u00bb<\/strong><\/em><\/p>\n\n\n\n<figure class=\"wp-block-image size-large\"><img loading=\"lazy\" decoding=\"async\" width=\"825\" height=\"1024\" src=\"https:\/\/diocesisdeyoro.com\/blog\/wp-content\/uploads\/2024\/08\/Imagen-de-WhatsApp-2024-08-10-a-las-12.00.35_cd22918d-825x1024.jpg\" alt=\"\" class=\"wp-image-26562\" srcset=\"https:\/\/diocesisdeyoro.com\/blog\/wp-content\/uploads\/2024\/08\/Imagen-de-WhatsApp-2024-08-10-a-las-12.00.35_cd22918d-825x1024.jpg 825w, https:\/\/diocesisdeyoro.com\/blog\/wp-content\/uploads\/2024\/08\/Imagen-de-WhatsApp-2024-08-10-a-las-12.00.35_cd22918d-242x300.jpg 242w, https:\/\/diocesisdeyoro.com\/blog\/wp-content\/uploads\/2024\/08\/Imagen-de-WhatsApp-2024-08-10-a-las-12.00.35_cd22918d-768x953.jpg 768w, https:\/\/diocesisdeyoro.com\/blog\/wp-content\/uploads\/2024\/08\/Imagen-de-WhatsApp-2024-08-10-a-las-12.00.35_cd22918d.jpg 1238w\" sizes=\"auto, (max-width: 825px) 100vw, 825px\" \/><\/figure>\n\n\n\n<p>El 18 de agosto de 2024, la Di\u00f3cesis de Yoro vivi\u00f3 una jornada hist\u00f3rica con la celebraci\u00f3n del Encuentro Diocesano de las Familias, un evento que reuni\u00f3 a cerca de 4,000 fieles bajo el lema \u00abFamilias Cristianas Participando en la Construcci\u00f3n de un Mundo Nuevo\u00bb. Este encuentro, realizado en la Parroquia San Jorge de Olanchito, destac\u00f3 por su impresionante convocatoria y por el profundo sentido de comuni\u00f3n y participaci\u00f3n de las familias de toda la di\u00f3cesis.<\/p>\n\n\n\n<figure class=\"wp-block-image size-large\"><img loading=\"lazy\" decoding=\"async\" width=\"1024\" height=\"768\" src=\"https:\/\/diocesisdeyoro.com\/blog\/wp-content\/uploads\/2024\/08\/Imagen-de-WhatsApp-2024-08-18-a-las-20.32.10_23fb009b-1024x768.jpg\" alt=\"\" class=\"wp-image-26556\" srcset=\"https:\/\/diocesisdeyoro.com\/blog\/wp-content\/uploads\/2024\/08\/Imagen-de-WhatsApp-2024-08-18-a-las-20.32.10_23fb009b-1024x768.jpg 1024w, https:\/\/diocesisdeyoro.com\/blog\/wp-content\/uploads\/2024\/08\/Imagen-de-WhatsApp-2024-08-18-a-las-20.32.10_23fb009b-300x225.jpg 300w, https:\/\/diocesisdeyoro.com\/blog\/wp-content\/uploads\/2024\/08\/Imagen-de-WhatsApp-2024-08-18-a-las-20.32.10_23fb009b-768x576.jpg 768w, https:\/\/diocesisdeyoro.com\/blog\/wp-content\/uploads\/2024\/08\/Imagen-de-WhatsApp-2024-08-18-a-las-20.32.10_23fb009b.jpg 1280w\" sizes=\"auto, (max-width: 1024px) 100vw, 1024px\" \/><\/figure>\n\n\n\n<p>Parroquia de San Jorge de Olanchito dedic\u00f3 <strong><em>tiempo<\/em><\/strong> con anticipacion para dejar listo hasta los m\u00ednimos detalles, <strong><em>ideas<\/em><\/strong> para ser efectivos y eficientes con el evento y<em><strong> recurso econ\u00f3mico<\/strong><\/em> para toda la logistica y alimentaci\u00f3n, son dignos de felicitaciones y admiraci\u00f3n por su gran capacidad de trabajo en equipo.<\/p>\n\n\n\n<figure class=\"wp-block-image size-large\"><img loading=\"lazy\" decoding=\"async\" width=\"1024\" height=\"768\" src=\"https:\/\/diocesisdeyoro.com\/blog\/wp-content\/uploads\/2024\/08\/Imagen-de-WhatsApp-2024-08-18-a-las-20.32.11_98a67447-1024x768.jpg\" alt=\"\" class=\"wp-image-26557\" srcset=\"https:\/\/diocesisdeyoro.com\/blog\/wp-content\/uploads\/2024\/08\/Imagen-de-WhatsApp-2024-08-18-a-las-20.32.11_98a67447-1024x768.jpg 1024w, https:\/\/diocesisdeyoro.com\/blog\/wp-content\/uploads\/2024\/08\/Imagen-de-WhatsApp-2024-08-18-a-las-20.32.11_98a67447-300x225.jpg 300w, https:\/\/diocesisdeyoro.com\/blog\/wp-content\/uploads\/2024\/08\/Imagen-de-WhatsApp-2024-08-18-a-las-20.32.11_98a67447-768x576.jpg 768w, https:\/\/diocesisdeyoro.com\/blog\/wp-content\/uploads\/2024\/08\/Imagen-de-WhatsApp-2024-08-18-a-las-20.32.11_98a67447.jpg 1280w\" sizes=\"auto, (max-width: 1024px) 100vw, 1024px\" \/><\/figure>\n\n\n\n<h4 class=\"wp-block-heading\">Peregrinaci\u00f3n y Recepci\u00f3n<\/h4>\n\n\n\n<p>Las familias de las 13 parroquias de la Di\u00f3cesis de Yoro realizaron una peregrinaci\u00f3n hacia Olanchito, algunas llegando el d\u00eda anterior y otras emprendiendo su viaje durante la noche y madrugada para estar puntualmente en el evento. Algunas parroquias, ubicadas en las zonas m\u00e1s distantes, necesitaron hasta seis horas de viaje para llegar a Olanchito. A las 7:00 a.m., las delegaciones fueron recibidas con gran entusiasmo en la rotonda de la ciudad, punto de encuentro designado por la organizaci\u00f3n.<\/p>\n\n\n\n<h4 class=\"wp-block-heading\">Inicio del Encuentro<\/h4>\n\n\n\n<p>El evento comenz\u00f3 oficialmente a las 8:00 a.m. con una caminata devocional desde la rotonda hasta la Plaza C\u00edvica de Olanchito. La marcha, llena de cantos y oraciones, fue un preludio inspirador de lo que ser\u00eda un d\u00eda lleno de espiritualidad y convivencia. Al llegar a la Plaza C\u00edvica, los participantes se reunieron para dar inicio a la jornada con una oraci\u00f3n comunitaria por las familias, dirigida por los coordinadores de la Comisi\u00f3n Diocesana de Pastoral Familiar (CODIPAF) y la Pastoral Familiar de Olanchito.<\/p>\n\n\n\n<figure class=\"wp-block-image size-large\"><img loading=\"lazy\" decoding=\"async\" width=\"1024\" height=\"768\" src=\"https:\/\/diocesisdeyoro.com\/blog\/wp-content\/uploads\/2024\/08\/Imagen-de-WhatsApp-2024-08-18-a-las-11.57.36_cd7beed7-1024x768.jpg\" alt=\"\" class=\"wp-image-26558\" srcset=\"https:\/\/diocesisdeyoro.com\/blog\/wp-content\/uploads\/2024\/08\/Imagen-de-WhatsApp-2024-08-18-a-las-11.57.36_cd7beed7-1024x768.jpg 1024w, https:\/\/diocesisdeyoro.com\/blog\/wp-content\/uploads\/2024\/08\/Imagen-de-WhatsApp-2024-08-18-a-las-11.57.36_cd7beed7-300x225.jpg 300w, https:\/\/diocesisdeyoro.com\/blog\/wp-content\/uploads\/2024\/08\/Imagen-de-WhatsApp-2024-08-18-a-las-11.57.36_cd7beed7-768x576.jpg 768w, https:\/\/diocesisdeyoro.com\/blog\/wp-content\/uploads\/2024\/08\/Imagen-de-WhatsApp-2024-08-18-a-las-11.57.36_cd7beed7.jpg 1280w\" sizes=\"auto, (max-width: 1024px) 100vw, 1024px\" \/><\/figure>\n\n\n\n<h4 class=\"wp-block-heading\">Programa del D\u00eda<\/h4>\n\n\n\n<p>Tras la oraci\u00f3n inicial, la jornada continu\u00f3 con una serie de actividades dise\u00f1adas para fortalecer el esp\u00edritu de unidad y participaci\u00f3n de las familias. A las 9:20 a.m., la Pastoral Juvenil de Olanchito present\u00f3 un conjunto de participaciones art\u00edsticas, que incluyeron danzas, cantos y dramatizaciones, destacando la creatividad y el talento de los j\u00f3venes de la di\u00f3cesis.<\/p>\n\n\n\n<p>A las 9:35 a.m., se imparti\u00f3 la charla central del encuentro, titulada \u00abFamilia y Sinodalidad\u00bb. Este espacio de reflexi\u00f3n fue fundamental para entender el rol de la familia dentro del contexto de la sinodalidad, destacando la importancia de caminar juntos en la fe, como una Iglesia que escucha, discierne y act\u00faa en comuni\u00f3n.<\/p>\n\n\n\n<p>Posteriormente, de 10:15 a 10:45 a.m., algunas familias compartieron sus testimonios de vida, brindando a los asistentes relatos conmovedores de fe, esperanza y superaci\u00f3n. Estos testimonios sirvieron para resaltar la realidad vivida por muchas familias y la importancia de su participaci\u00f3n activa en la vida eclesial.<\/p>\n\n\n\n<p>Antes de la celebraci\u00f3n de la Santa Eucarist\u00eda, se dedic\u00f3 un tiempo a la animaci\u00f3n y preparaci\u00f3n espiritual de los presentes. Este momento incluy\u00f3 cantos de alabanza y una invitaci\u00f3n a los participantes a abrir sus corazones a la gracia divina, creando un ambiente propicio para la celebraci\u00f3n lit\u00fargica.<\/p>\n\n\n\n<h4 class=\"wp-block-heading\">Celebraci\u00f3n de la Santa Eucarist\u00eda<\/h4>\n\n\n\n<figure class=\"wp-block-image size-large\"><img loading=\"lazy\" decoding=\"async\" width=\"1024\" height=\"768\" src=\"https:\/\/diocesisdeyoro.com\/blog\/wp-content\/uploads\/2024\/08\/Imagen-de-WhatsApp-2024-08-18-a-las-12.01.07_b2a5a5d8-1024x768.jpg\" alt=\"\" class=\"wp-image-26552\" srcset=\"https:\/\/diocesisdeyoro.com\/blog\/wp-content\/uploads\/2024\/08\/Imagen-de-WhatsApp-2024-08-18-a-las-12.01.07_b2a5a5d8-1024x768.jpg 1024w, https:\/\/diocesisdeyoro.com\/blog\/wp-content\/uploads\/2024\/08\/Imagen-de-WhatsApp-2024-08-18-a-las-12.01.07_b2a5a5d8-300x225.jpg 300w, https:\/\/diocesisdeyoro.com\/blog\/wp-content\/uploads\/2024\/08\/Imagen-de-WhatsApp-2024-08-18-a-las-12.01.07_b2a5a5d8-768x576.jpg 768w, https:\/\/diocesisdeyoro.com\/blog\/wp-content\/uploads\/2024\/08\/Imagen-de-WhatsApp-2024-08-18-a-las-12.01.07_b2a5a5d8.jpg 1280w\" sizes=\"auto, (max-width: 1024px) 100vw, 1024px\" \/><\/figure>\n\n\n\n<p>A las 11:30 a.m., dio inicio la Santa Misa, presidida por Monse\u00f1or H\u00e9ctor David Garc\u00eda, Obispo de Yoro, y concelebrada por varios sacerdotes diocesanos, incluyendo a los Siervos de Jes\u00fas, sacerdotes mexicanos que brindan acompa\u00f1amiento pastoral en Olanchito. La liturgia fue cuidadosamente preparada, con una selecci\u00f3n de lecturas y cantos que reflejaban el sentido de unidad y fe del encuentro.<\/p>\n\n\n\n<figure class=\"wp-block-image size-large\"><img loading=\"lazy\" decoding=\"async\" width=\"1024\" height=\"768\" src=\"https:\/\/diocesisdeyoro.com\/blog\/wp-content\/uploads\/2024\/08\/Imagen-de-WhatsApp-2024-08-18-a-las-12.01.05_e1cbd918-1024x768.jpg\" alt=\"\" class=\"wp-image-26551\" srcset=\"https:\/\/diocesisdeyoro.com\/blog\/wp-content\/uploads\/2024\/08\/Imagen-de-WhatsApp-2024-08-18-a-las-12.01.05_e1cbd918-1024x768.jpg 1024w, https:\/\/diocesisdeyoro.com\/blog\/wp-content\/uploads\/2024\/08\/Imagen-de-WhatsApp-2024-08-18-a-las-12.01.05_e1cbd918-300x225.jpg 300w, https:\/\/diocesisdeyoro.com\/blog\/wp-content\/uploads\/2024\/08\/Imagen-de-WhatsApp-2024-08-18-a-las-12.01.05_e1cbd918-768x576.jpg 768w, https:\/\/diocesisdeyoro.com\/blog\/wp-content\/uploads\/2024\/08\/Imagen-de-WhatsApp-2024-08-18-a-las-12.01.05_e1cbd918.jpg 1280w\" sizes=\"auto, (max-width: 1024px) 100vw, 1024px\" \/><\/figure>\n\n\n\n<figure class=\"wp-block-image size-full\"><img loading=\"lazy\" decoding=\"async\" width=\"1024\" height=\"768\" src=\"https:\/\/diocesisdeyoro.com\/blog\/wp-content\/uploads\/2024\/08\/image.png\" alt=\"\" class=\"wp-image-26567\" srcset=\"https:\/\/diocesisdeyoro.com\/blog\/wp-content\/uploads\/2024\/08\/image.png 1024w, https:\/\/diocesisdeyoro.com\/blog\/wp-content\/uploads\/2024\/08\/image-300x225.png 300w, https:\/\/diocesisdeyoro.com\/blog\/wp-content\/uploads\/2024\/08\/image-768x576.png 768w\" sizes=\"auto, (max-width: 1024px) 100vw, 1024px\" \/><\/figure>\n\n\n\n<p>La Eucarist\u00eda, centro y culmen de la vida cristiana, fue un momento de gran solemnidad y devoci\u00f3n. Monse\u00f1or Garc\u00eda, en su homil\u00eda, resalt\u00f3 la importancia de la familia como iglesia dom\u00e9stica y su papel en la construcci\u00f3n de un mundo m\u00e1s justo y fraterno. <\/p>\n\n\n\n<figure class=\"wp-block-image size-large\"><img loading=\"lazy\" decoding=\"async\" width=\"1024\" height=\"768\" src=\"https:\/\/diocesisdeyoro.com\/blog\/wp-content\/uploads\/2024\/08\/Imagen-de-WhatsApp-2024-08-18-a-las-20.32.11_4f4dfa62-1024x768.jpg\" alt=\"\" class=\"wp-image-26571\" srcset=\"https:\/\/diocesisdeyoro.com\/blog\/wp-content\/uploads\/2024\/08\/Imagen-de-WhatsApp-2024-08-18-a-las-20.32.11_4f4dfa62-1024x768.jpg 1024w, https:\/\/diocesisdeyoro.com\/blog\/wp-content\/uploads\/2024\/08\/Imagen-de-WhatsApp-2024-08-18-a-las-20.32.11_4f4dfa62-300x225.jpg 300w, https:\/\/diocesisdeyoro.com\/blog\/wp-content\/uploads\/2024\/08\/Imagen-de-WhatsApp-2024-08-18-a-las-20.32.11_4f4dfa62-768x576.jpg 768w, https:\/\/diocesisdeyoro.com\/blog\/wp-content\/uploads\/2024\/08\/Imagen-de-WhatsApp-2024-08-18-a-las-20.32.11_4f4dfa62-1536x1152.jpg 1536w, https:\/\/diocesisdeyoro.com\/blog\/wp-content\/uploads\/2024\/08\/Imagen-de-WhatsApp-2024-08-18-a-las-20.32.11_4f4dfa62.jpg 1600w\" sizes=\"auto, (max-width: 1024px) 100vw, 1024px\" \/><\/figure>\n\n\n\n<p>Al final de la Misa, Monse\u00f1or imparti\u00f3 una bendici\u00f3n especial, primero a los ni\u00f1os, luego a los j\u00f3venes y, finalmente, a los padres de familia, en un gesto que simboliz\u00f3 la protecci\u00f3n y la gracia de Dios sobre cada generaci\u00f3n.<\/p>\n\n\n\n<h4 class=\"wp-block-heading\">Protagonismo de la Pastoral Juvenil<\/h4>\n\n\n\n<p>Uno de los aspectos m\u00e1s destacados del evento fue el protagonismo de la Pastoral Juvenil, que desempe\u00f1\u00f3 un papel clave en el apoyo a la Pastoral Familiar de la Parroquia de Olanchito. Los j\u00f3venes de la pastoral no solo participaron en las actividades art\u00edsticas, sino que tambi\u00e9n fueron fundamentales en la organizaci\u00f3n y log\u00edstica del encuentro. <\/p>\n\n\n\n<figure class=\"wp-block-image size-large\"><img loading=\"lazy\" decoding=\"async\" width=\"1024\" height=\"768\" src=\"https:\/\/diocesisdeyoro.com\/blog\/wp-content\/uploads\/2024\/08\/Imagen-de-WhatsApp-2024-08-18-a-las-20.32.10_71ab2afa-1024x768.jpg\" alt=\"\" class=\"wp-image-26555\" srcset=\"https:\/\/diocesisdeyoro.com\/blog\/wp-content\/uploads\/2024\/08\/Imagen-de-WhatsApp-2024-08-18-a-las-20.32.10_71ab2afa-1024x768.jpg 1024w, https:\/\/diocesisdeyoro.com\/blog\/wp-content\/uploads\/2024\/08\/Imagen-de-WhatsApp-2024-08-18-a-las-20.32.10_71ab2afa-300x225.jpg 300w, https:\/\/diocesisdeyoro.com\/blog\/wp-content\/uploads\/2024\/08\/Imagen-de-WhatsApp-2024-08-18-a-las-20.32.10_71ab2afa-768x576.jpg 768w, https:\/\/diocesisdeyoro.com\/blog\/wp-content\/uploads\/2024\/08\/Imagen-de-WhatsApp-2024-08-18-a-las-20.32.10_71ab2afa.jpg 1280w\" sizes=\"auto, (max-width: 1024px) 100vw, 1024px\" \/><\/figure>\n\n\n\n<p>Desde la recepci\u00f3n de las delegaciones hasta la disposici\u00f3n del lugar, la atenci\u00f3n a los asistentes, y la distribuci\u00f3n de alimentos, su energ\u00eda y dedicaci\u00f3n fueron vitales para el \u00e9xito del evento. La colaboraci\u00f3n entre la Pastoral Juvenil y la Pastoral Familiar demostr\u00f3 c\u00f3mo diferentes generaciones pueden trabajar juntas en la edificaci\u00f3n de una Iglesia viva y din\u00e1mica.<\/p>\n\n\n\n<h4 class=\"wp-block-heading\">Organizaci\u00f3n y Log\u00edstica<\/h4>\n\n\n\n<p>La organizaci\u00f3n del evento, a cargo de la Comisi\u00f3n Diocesana de Pastoral Familiar, bajo la direcci\u00f3n de Monse\u00f1or Garc\u00eda y el Padre Cristian Franco, fue impecable. La colaboraci\u00f3n entre el clero, los laicos y las distintas pastorales fue evidente en cada detalle del encuentro, desde la log\u00edstica del desplazamiento de las delegaciones hasta la disposici\u00f3n del lugar, la atenci\u00f3n a los asistentes, y la distribuci\u00f3n de alimentos para las cerca de 4,000 personas presentes.<\/p>\n\n\n\n<p>El entorno natural de la Plaza C\u00edvica de Olanchito proporcion\u00f3 un escenario ideal para el encuentro, permitiendo que todos los presentes disfrutaran de las actividades en un ambiente c\u00f3modo y agradable. El sonido, perfectamente ajustado, asegur\u00f3 que cada mensaje, oraci\u00f3n y canto llegara con claridad a los o\u00eddos y corazones de los asistentes.<\/p>\n\n\n\n<h4 class=\"wp-block-heading\">Cobertura y Difusi\u00f3n<\/h4>\n\n\n\n<p>Radio La Voz de San Jorge.   <a href=\"https:\/\/www.facebook.com\/share\/v\/LXyQQ8g11JBKtMC9\/?mibextid=xfxF2i\">https:\/\/www.facebook.com\/share\/v\/LXyQQ8g11JBKtMC9\/?mibextid=xfxF2i<\/a><\/p>\n\n\n\n<p>Mar\u00eda TV Canal Olanchito: <a href=\"https:\/\/www.facebook.com\/share\/v\/g1h5eRtBXd5G4dtc\/?mibextid=xfxF2i\">https:\/\/www.facebook.com\/share\/v\/g1h5eRtBXd5G4dtc\/?mibextid=xfxF2i<\/a><\/p>\n\n\n\n<p>El impacto del encuentro fue amplificado por la extensa cobertura medi\u00e1tica. La emisora La Voz de San Jorge y Mar\u00eda TV de Olanchito transmitieron en vivo, permitiendo que aquellos que no pudieron asistir tambi\u00e9n participaran espiritualmente. Adem\u00e1s, la p\u00e1gina diocesana de Facebook, \u00abYoro, La Tierra que Am\u00f3 Subirana\u00bb, y las redes sociales de los mismos participantes, compartieron momentos destacados del evento, llevando el mensaje de unidad y fe a un p\u00fablico a\u00fan m\u00e1s amplio a nivel diocesano, nacional e internacional.<\/p>\n\n\n\n<p><a href=\"https:\/\/www.youtube.com\/watch?v=4xHb5NheeEY\">La Familia Es | Encuentro Diocesano de las Familias | Di\u00f3cesis de Yoro. (youtube.com)<\/a><\/p>\n\n\n\n<figure class=\"wp-block-image size-large\"><img loading=\"lazy\" decoding=\"async\" width=\"819\" height=\"1024\" src=\"https:\/\/diocesisdeyoro.com\/blog\/wp-content\/uploads\/2024\/08\/Imagen-de-WhatsApp-2024-08-08-a-las-17.50.45_de9ae99b-819x1024.jpg\" alt=\"\" class=\"wp-image-26565\" srcset=\"https:\/\/diocesisdeyoro.com\/blog\/wp-content\/uploads\/2024\/08\/Imagen-de-WhatsApp-2024-08-08-a-las-17.50.45_de9ae99b-819x1024.jpg 819w, https:\/\/diocesisdeyoro.com\/blog\/wp-content\/uploads\/2024\/08\/Imagen-de-WhatsApp-2024-08-08-a-las-17.50.45_de9ae99b-240x300.jpg 240w, https:\/\/diocesisdeyoro.com\/blog\/wp-content\/uploads\/2024\/08\/Imagen-de-WhatsApp-2024-08-08-a-las-17.50.45_de9ae99b-768x960.jpg 768w, https:\/\/diocesisdeyoro.com\/blog\/wp-content\/uploads\/2024\/08\/Imagen-de-WhatsApp-2024-08-08-a-las-17.50.45_de9ae99b.jpg 1024w\" sizes=\"auto, (max-width: 819px) 100vw, 819px\" \/><\/figure>\n\n\n\n<h4 class=\"wp-block-heading\">Conclusi\u00f3n<\/h4>\n\n\n\n<p><strong>Fortalecimiento de la Unidad Familiar y Comunitaria<\/strong>: El evento demostr\u00f3 la importancia de la familia como base de la comunidad cristiana y resalt\u00f3 la necesidad de caminar juntos en la fe. La alta participaci\u00f3n y el entusiasmo de las 4,000 personas presentes subrayaron el compromiso de las familias de la Di\u00f3cesis de Yoro en la construcci\u00f3n de una Iglesia m\u00e1s unida y solidaria.<\/p>\n\n\n\n<p><strong>Protagonismo de la Juventud en la Vida Eclesial<\/strong>: La Pastoral Juvenil jug\u00f3 un papel clave en la organizaci\u00f3n y \u00e9xito del evento, evidenciando c\u00f3mo los j\u00f3venes pueden ser protagonistas activos en la vida de la Iglesia. Su colaboraci\u00f3n con la Pastoral Familiar fue fundamental para la log\u00edstica y el desarrollo de las actividades, mostrando la importancia de la intergeneracionalidad en el trabajo pastoral.<\/p>\n\n\n\n<p><strong>Impacto y Difusi\u00f3n del Mensaje Cristiano<\/strong>: La cobertura medi\u00e1tica, incluyendo medios radiales como La Voz de San Jorge y televisivos como Mar\u00eda TV de Olanchito, junto con la participaci\u00f3n activa en redes sociales, como la p\u00e1gina de Facebook de la Di\u00f3cesis de Yoro, parroquiales y las cuentas personales de los asistentes, ampli\u00f3 significativamente el alcance del encuentro. Esto permiti\u00f3 que el mensaje de fe, unidad y sinodalidad llegara a un p\u00fablico m\u00e1s amplio. Este evento no solo fortaleci\u00f3 a los presentes, sino que tambi\u00e9n inspir\u00f3 a comunidades en toda la di\u00f3cesis y m\u00e1s all\u00e1, demostrando el poder de la comunicaci\u00f3n en la evangelizaci\u00f3n moderna.<\/p>\n\n\n\n<p><\/p>\n\n\n\n<div class=\"wp-block-file\"><a href=\"https:\/\/diocesisdeyoro.com\/blog\/wp-content\/uploads\/2024\/08\/IMG-20240818-WA0080.jpg\" class=\"wp-block-file__button wp-element-button\" download><\/a><\/div>\n","protected":false},"excerpt":{"rendered":"<p>Lema: \u00abFamilias Cristianas Participando en La Construcci\u00f3n de un Mundo Nuevo\u00bb El 18 de agosto de 2024, la Di\u00f3cesis de Yoro vivi\u00f3 una jornada hist\u00f3rica con la celebraci\u00f3n del Encuentro &hellip; <a class=\"readmore\" href=\"https:\/\/diocesisdeyoro.com\/blog\/?p=26541\">Seguir leyendo &rarr;<\/a><\/p>\n","protected":false},"author":3,"featured_media":0,"comment_status":"open","ping_status":"open","sticky":false,"template":"","format":"standard","meta":{"_themeisle_gutenberg_block_has_review":false,"footnotes":""},"categories":[2],"tags":[],"class_list":["post-26541","post","type-post","status-publish","format-standard","hentry","category-avisos"],"_links":{"self":[{"href":"https:\/\/diocesisdeyoro.com\/blog\/index.php?rest_route=\/wp\/v2\/posts\/26541","targetHints":{"allow":["GET"]}}],"collection":[{"href":"https:\/\/diocesisdeyoro.com\/blog\/index.php?rest_route=\/wp\/v2\/posts"}],"about":[{"href":"https:\/\/diocesisdeyoro.com\/blog\/index.php?rest_route=\/wp\/v2\/types\/post"}],"author":[{"embeddable":true,"href":"https:\/\/diocesisdeyoro.com\/blog\/index.php?rest_route=\/wp\/v2\/users\/3"}],"replies":[{"embeddable":true,"href":"https:\/\/diocesisdeyoro.com\/blog\/index.php?rest_route=%2Fwp%2Fv2%2Fcomments&post=26541"}],"version-history":[{"count":13,"href":"https:\/\/diocesisdeyoro.com\/blog\/index.php?rest_route=\/wp\/v2\/posts\/26541\/revisions"}],"predecessor-version":[{"id":26578,"href":"https:\/\/diocesisdeyoro.com\/blog\/index.php?rest_route=\/wp\/v2\/posts\/26541\/revisions\/26578"}],"wp:attachment":[{"href":"https:\/\/diocesisdeyoro.com\/blog\/index.php?rest_route=%2Fwp%2Fv2%2Fmedia&parent=26541"}],"wp:term":[{"taxonomy":"category","embeddable":true,"href":"https:\/\/diocesisdeyoro.com\/blog\/index.php?rest_route=%2Fwp%2Fv2%2Fcategories&post=26541"},{"taxonomy":"post_tag","embeddable":true,"href":"https:\/\/diocesisdeyoro.com\/blog\/index.php?rest_route=%2Fwp%2Fv2%2Ftags&post=26541"}],"curies":[{"name":"wp","href":"https:\/\/api.w.org\/{rel}","templated":true}]}}