{"id":26584,"date":"2024-10-07T14:45:19","date_gmt":"2024-10-07T20:45:19","guid":{"rendered":"https:\/\/diocesisdeyoro.com\/blog\/?p=26584"},"modified":"2024-10-07T18:35:14","modified_gmt":"2024-10-08T00:35:14","slug":"gran-caminata-diocesana-en-honor-al-gran-misionero-padre-manuel-de-jesus-subirana-1807-1864-un-legado-de-fe-y-justicia-social","status":"publish","type":"post","link":"https:\/\/diocesisdeyoro.com\/blog\/?p=26584","title":{"rendered":"Gran caminata Diocesana en honor al gran misionero Padre Manuel de Jes\u00fas Subirana (1807-1864): Un legado de Fe y Justicia Social en nuestra Di\u00f3cesis de Yoro."},"content":{"rendered":"\n<figure class=\"wp-block-video\"><video controls src=\"https:\/\/diocesisdeyoro.com\/blog\/wp-content\/uploads\/2024\/10\/Video-camita-Subirana-6-de-octubre-2024.mp4\"><\/video><\/figure>\n\n\n\n<p><strong>Video compartido por P. Marcio Dario, responsable de medios de comunicaci\u00f3n. <\/strong><\/p>\n\n\n\n<p>El domingo 6 de octubre de 2024 se celebr\u00f3 la gran caminata en honor al Padre Manuel de Jes\u00fas Subirana, un evento que convoc\u00f3 a fieles de toda la Di\u00f3cesis de Yoro. La peregrinaci\u00f3n comenz\u00f3 en el desv\u00edo de Ayapa y culmin\u00f3 en la parroquia Santiago Ap\u00f3stol de Yoro, donde se encuentra enterrado el santo misionero por excelencia. durante la caminata los feligreses portaban pancartas y mensajes alusivos a la vida y obra del Santo Misionero. Animada por la devoci\u00f3n de la comunidad, la caminata fue un testimonio de fe y esperanza en el proceso de beatificaci\u00f3n del Padre Subirana, cuyo legado sigue vivo en los corazones de la poblaci\u00f3n yore\u00f1a. Al llegar al templo, se celebr\u00f3 la Santa Misa, presidida por Monse\u00f1or H\u00e9ctor David Garc\u00eda Osorio, Obispo de la Di\u00f3cesis de Yoro, acompa\u00f1ado por el mayor n\u00famero de sacerdotes diocesanos, Siervos de Jes\u00fas y Jesuitas en una manifestaci\u00f3n de unidad y espiritualidad.<\/p>\n\n\n\n<p>Durante la Eucarist\u00eda, Monse\u00f1or Garc\u00eda Osorio, resalt\u00f3 la importancia de la mision que nos corresponde llevar desde la Iglesia. Adem\u00e1s, se dirigi\u00f3 a las autoridades del departamento, sobre todo a los diputados para invitarlos a promover el mejoramiento del p\u00e9simo estado en que se encuentran las carreteras que conducen a la cabecera departamental. Sus palabras resonaron como una llamada prof\u00e9tica, recordando a todos la importancia de atender las necesidades b\u00e1sicas de la poblaci\u00f3n, tal como lo hizo el Padre Subirana durante su vida. <\/p>\n\n\n\n<figure class=\"wp-block-video\"><video controls src=\"https:\/\/diocesisdeyoro.com\/blog\/wp-content\/uploads\/2024\/10\/Video-invitacion-de-Monsenor-Osorio-a-las-uatoridades-para-mejorar-la-carretera-qeu-conduce-a-la-cabecera-departamental.-1-2.mp4\"><\/video><\/figure>\n\n\n\n<p><strong>Video compartido por el P. Marcio Dario, responsable de los medios de comunicaci\u00f3n <\/strong><\/p>\n\n\n\n<p>Este evento fue un homenaje al misionero que entreg\u00f3 su vida a los m\u00e1s necesitados y tambi\u00e9n un recordatorio de la necesidad de seguir trabajando por la justicia social y el bienestar com\u00fan, en l\u00ednea con los valores que el Padre Subirana defendi\u00f3 fervientemente.<\/p>\n\n\n\n<p>El Padre Manuel de Jes\u00fas Subirana naci\u00f3 en 1807 en Manresa, provincia de Barcelona, Espa\u00f1a, y lleg\u00f3 a Honduras en 1856. Despu\u00e9s de haber evangelizado a los ind\u00edgenas de la Mosquitia, se estableci\u00f3 en Yoro, donde dedic\u00f3 su vida a acompa\u00f1ar a los pueblos ind\u00edgenas de la regi\u00f3n. Conocido como \u00abEl Santo Misionero\u00bb, defendi\u00f3 los derechos de los m\u00e1s vulnerables, luchando por la posesi\u00f3n de tierras para el cultivo y asegurando que los campesinos pudieran tener una vida digna. Se le atribuye el milagro de la \u00ablluvia de peces\u00bb en Yoro, un fen\u00f3meno que seg\u00fan la tradici\u00f3n surgi\u00f3 como respuesta a sus oraciones para alimentar a los m\u00e1s necesitados. El Padre Subirana falleci\u00f3 el 27 de noviembre de 1864 en Potreros de los Olivos, en el departamento de Cort\u00e9s, y sus restos descansan en el templo de Yoro, donde sigue siendo una figura central de devoci\u00f3n.<\/p>\n\n\n\n<p>Hoy, el legado del Padre Subirana sigue vivo en la Di\u00f3cesis de Yoro, como un s\u00edmbolo de la fe cat\u00f3lica y voz prof\u00e9tica que llama a mejorar las condiciones de vida de la poblaci\u00f3n. Su ejemplo contin\u00faa inspirando a los fieles y a las autoridades locales a trabajar por la justicia social, el respeto a los derechos humanos y la protecci\u00f3n de los recursos naturales que garantizan la seguridad alimentaria. El camino hacia su beatificaci\u00f3n fortalece la identidad de la Di\u00f3cesis yore\u00f1a, recordando que la misi\u00f3n de la Iglesia es tambi\u00e9n promover el bienestar integral de todas las personas, especialmente de los m\u00e1s desprotegidos.<\/p>\n","protected":false},"excerpt":{"rendered":"<p>Video compartido por P. Marcio Dario, responsable de medios de comunicaci\u00f3n. El domingo 6 de octubre de 2024 se celebr\u00f3 la gran caminata en honor al Padre Manuel de Jes\u00fas &hellip; <a class=\"readmore\" href=\"https:\/\/diocesisdeyoro.com\/blog\/?p=26584\">Seguir leyendo &rarr;<\/a><\/p>\n","protected":false},"author":3,"featured_media":0,"comment_status":"open","ping_status":"open","sticky":false,"template":"","format":"standard","meta":{"_themeisle_gutenberg_block_has_review":false,"footnotes":""},"categories":[2],"tags":[],"class_list":["post-26584","post","type-post","status-publish","format-standard","hentry","category-avisos"],"_links":{"self":[{"href":"https:\/\/diocesisdeyoro.com\/blog\/index.php?rest_route=\/wp\/v2\/posts\/26584","targetHints":{"allow":["GET"]}}],"collection":[{"href":"https:\/\/diocesisdeyoro.com\/blog\/index.php?rest_route=\/wp\/v2\/posts"}],"about":[{"href":"https:\/\/diocesisdeyoro.com\/blog\/index.php?rest_route=\/wp\/v2\/types\/post"}],"author":[{"embeddable":true,"href":"https:\/\/diocesisdeyoro.com\/blog\/index.php?rest_route=\/wp\/v2\/users\/3"}],"replies":[{"embeddable":true,"href":"https:\/\/diocesisdeyoro.com\/blog\/index.php?rest_route=%2Fwp%2Fv2%2Fcomments&post=26584"}],"version-history":[{"count":8,"href":"https:\/\/diocesisdeyoro.com\/blog\/index.php?rest_route=\/wp\/v2\/posts\/26584\/revisions"}],"predecessor-version":[{"id":26660,"href":"https:\/\/diocesisdeyoro.com\/blog\/index.php?rest_route=\/wp\/v2\/posts\/26584\/revisions\/26660"}],"wp:attachment":[{"href":"https:\/\/diocesisdeyoro.com\/blog\/index.php?rest_route=%2Fwp%2Fv2%2Fmedia&parent=26584"}],"wp:term":[{"taxonomy":"category","embeddable":true,"href":"https:\/\/diocesisdeyoro.com\/blog\/index.php?rest_route=%2Fwp%2Fv2%2Fcategories&post=26584"},{"taxonomy":"post_tag","embeddable":true,"href":"https:\/\/diocesisdeyoro.com\/blog\/index.php?rest_route=%2Fwp%2Fv2%2Ftags&post=26584"}],"curies":[{"name":"wp","href":"https:\/\/api.w.org\/{rel}","templated":true}]}}