{"id":26662,"date":"2024-10-11T17:58:31","date_gmt":"2024-10-11T23:58:31","guid":{"rendered":"https:\/\/diocesisdeyoro.com\/blog\/?p=26662"},"modified":"2024-10-11T19:23:44","modified_gmt":"2024-10-12T01:23:44","slug":"informe-de-la-comision-diocesana-responsable-de-la-asamblea-diocesana-2025","status":"publish","type":"post","link":"https:\/\/diocesisdeyoro.com\/blog\/?p=26662","title":{"rendered":"Informe de la Comisi\u00f3n Diocesana responsable de la Asamblea Diocesana que se realizar\u00e1 en el a\u00f1o 2025."},"content":{"rendered":"\n<figure class=\"wp-block-image\"><img decoding=\"async\" src=\"https:\/\/diocesisdeyoro.com\/blog\/wp-content\/uploads\/2024\/10\/Imagen-de-WhatsApp-2024-10-11-a-las-17.55.16_16606afa-1024x576.jpg\" alt=\"La imagen tiene un atributo ALT vac\u00edo; su nombre de archivo es Imagen-de-WhatsApp-2024-10-11-a-las-17.55.16_16606afa-1024x576.jpg\"\/><\/figure>\n\n\n\n<p><strong>Obispado de Yoro, El Progreso Yoro<\/strong>, <strong>martes 8 de octubre del 2024<\/strong><\/p>\n\n\n\n<p><strong>Informe elaborado por Marcial Vel\u00e1squez Almendares <\/strong> <\/p>\n\n\n\n<p>El martes 8 de octubre de 2024, se realiz\u00f3 la reuni\u00f3n de la Comisi\u00f3n Diocesana encargada de organizar la Asamblea Diocesana 2025. Dicha reuni\u00f3n se llev\u00f3 a cabo en las instalaciones del Obispado de Yoro, en El Progreso, fue presidida por Mons. H\u00e9ctor David, quien estuvo acompa\u00f1ado por sacerdotes, religiosas y laicos de diversas parroquias de la di\u00f3cesis.<\/p>\n\n\n\n<h3 class=\"wp-block-heading\"><strong>Agenda de la Reuni\u00f3n:<\/strong><\/h3>\n\n\n\n<ol class=\"wp-block-list\">\n<li>Bienvenida y oraci\u00f3n.<\/li>\n\n\n\n<li>Preparaci\u00f3n de la propuesta de la Asamblea Diocesana 2025.<\/li>\n\n\n\n<li>Sugerencias de otros temas para la reuni\u00f3n del CODIPAS.<\/li>\n\n\n\n<li>Distribuci\u00f3n de tareas.<\/li>\n<\/ol>\n\n\n\n<h3 class=\"wp-block-heading\"><strong>Participantes:<\/strong><\/h3>\n\n\n\n<ul class=\"wp-block-list\">\n<li>Mons. H\u00e9ctor David<\/li>\n\n\n\n<li>P. Francisco Mart\u00ednez<\/li>\n\n\n\n<li>P. Edilberto Barahona<\/li>\n\n\n\n<li>\u00c1ngel Cruz (P. Suyapa)<\/li>\n\n\n\n<li>Juan Ram\u00f3n (P. Olanchito)<\/li>\n\n\n\n<li>Hna. Ninfa George (P. Santiago)<\/li>\n\n\n\n<li>Marcial Vel\u00e1squez (P. Santa Rita)<\/li>\n\n\n\n<li>Lesly Fuentes (P. Santa Rita)<\/li>\n\n\n\n<li>P. Cristian Franco<\/li>\n<\/ul>\n\n\n\n<h3 class=\"wp-block-heading\"><strong>Desarrollo de la Reuni\u00f3n:<\/strong><\/h3>\n\n\n\n<p>La reuni\u00f3n comenz\u00f3 con una oraci\u00f3n dirigida por la Hna. Ninfa George, quien pidi\u00f3 por el \u00e9xito de la Asamblea y por el fortalecimiento espiritual de toda la di\u00f3cesis. Seguidamente, el P. Francisco Mart\u00ednez ley\u00f3 la agenda a tratar, destacando los temas principales de la reuni\u00f3n.<\/p>\n\n\n\n<p>Mons. H\u00e9ctor David recalc\u00f3 la importancia de llevar a cabo la Asamblea Diocesana 2025, resaltando que su principal prop\u00f3sito es fortalecer la vida pastoral de la di\u00f3cesis dentro del proceso sinodal promovido por la Iglesia a nivel mundial. La Asamblea ser\u00e1 una oportunidad para reflexionar sobre la situaci\u00f3n actual y discernir el camino a seguir.<\/p>\n\n\n\n<p>El P. Edilberto Barahona enfatiz\u00f3 la necesidad de definir un tema central, los objetivos de la Asamblea, la metodolog\u00eda, y otros aspectos como el lugar, fecha y horario del evento. Por su parte, el P. Francisco propuso que se ahonde especialmente en la <strong>pastoral vocacional<\/strong>, un \u00e1rea clave para el desarrollo de la di\u00f3cesis.<\/p>\n\n\n\n<p>\u00c1ngel Cruz hizo hincapi\u00e9 en la necesidad de trabajar en una <strong>pastoral de conjunto<\/strong>, ya que actualmente las actividades pastorales parecen desarrollarse como competencias entre las parroquias, en lugar de un trabajo en colaboraci\u00f3n. Subray\u00f3 la urgencia de romper con esta din\u00e1mica para lograr mayor unidad en la di\u00f3cesis.<\/p>\n\n\n\n<p>El P. Cristian Franco ley\u00f3 los aportes del CODIPAS y sugiri\u00f3 que, adem\u00e1s de la Asamblea, se desarrolle un trabajo concreto con este grupo, que pueda servir de material de apoyo para las parroquias y sus actividades pastorales.<\/p>\n\n\n\n<h3 class=\"wp-block-heading\"><strong>Definici\u00f3n de la Estructura de la Asamblea:<\/strong><\/h3>\n\n\n\n<p>Tras un enriquecedor debate, se decidi\u00f3 que se desarrollar\u00e1 una <strong>Asamblea Diocesana<\/strong>, la cual llevar\u00e1 como tema central: <strong>\u201cPeregrinos de Esperanza, en Sinodalidad\u201d<\/strong>. Este tema reflejar\u00e1 el compromiso de la di\u00f3cesis en caminar juntos, profundizando en la comuni\u00f3n, participaci\u00f3n y misi\u00f3n.<\/p>\n\n\n\n<h3 class=\"wp-block-heading\"><strong>B\u00fasqueda del Objetivo General para la Asamblea propuesta:<\/strong><\/h3>\n\n\n\n<p>Cada participante propuso un objetivo individual, los cuales sirvieron como base para consolidar el <strong>Objetivo General<\/strong> de la Asamblea. A continuaci\u00f3n, se presentan los objetivos personales propuestos: <\/p>\n\n\n\n<p><strong>P. Cristian Franco<\/strong>: Analizar y reflexionar la situaci\u00f3n actual de nuestra di\u00f3cesis en sus distintos campos de acci\u00f3n pastoral y reflexionar, en qu\u00e9 se ha fallado y en que se puede mejorar y Profundizar en esta asamblea, hacia donde queremos llegar.<\/p>\n\n\n\n<p><strong>Juan Ram\u00f3n<\/strong>: <\/p>\n\n\n\n<ol class=\"wp-block-list\">\n<li>Despertar conciencias hacia una pastoral de conjunto.<\/li>\n\n\n\n<li>Caminar juntos al fortalecimiento de pastoral de conjunto<\/li>\n<\/ol>\n\n\n\n<p><strong>\u00c1ngel Cruz<\/strong>: Fortalecer una pastoral de conjunto como peregrinos de esperanza<\/p>\n\n\n\n<p><strong>Marcial Vel\u00e1squez<\/strong>: Promover un camino de la comuni\u00f3n y participaci\u00f3n activa en la iglesia a trav\u00e9s de la sinodalidad para hacer peregrinos de esperanza<\/p>\n\n\n\n<p><strong>Hna. Ninfa George<\/strong>: Buscar formas de participaci\u00f3n en los miembros de las pastorales que fortalezcan la vida en la iglesia.<\/p>\n\n\n\n<p><strong>P. Edilberto Barahona<\/strong>: Conocer las distintas situaciones explicitas que vivimos como iglesia diocesana, para vivir y caminar juntos en esperanza y comuni\u00f3n<\/p>\n\n\n\n<p><strong>P. Francisco Mart\u00ednez<\/strong>: iluminar el camino de la sinodalidad en solidaridad como pueblo de Dios con las situaciones humanas que mas nos agobian<\/p>\n\n\n\n<p><strong>Mons. H\u00e9ctor David<\/strong>: Fortalecer la pastoral de conjunto inspirado en el clave sinodal<\/p>\n\n\n\n<p><strong>Lesly Fuentes<\/strong>: Fomentar y estrechar v\u00ednculos como hermanos para inculturaci\u00f3n de la alegr\u00eda del evangelio.<\/p>\n\n\n\n<p><strong>Objetivo General consolidado y aprobado por los participantes:<\/strong>\u00a0 <\/p>\n\n\n\n<p><em><strong>Fortalecer caminos de comuni\u00f3n y participaci\u00f3n activa en la iglesia creando v\u00ednculos pastorales como expresi\u00f3n sinodal para ser peregrinos de esperanza.<\/strong><\/em><\/p>\n\n\n\n<h3 class=\"wp-block-heading\"><strong>Metodolog\u00eda y Resultados Esperados:<\/strong><\/h3>\n\n\n\n<h1 class=\"wp-block-heading\">Metodolog\u00eda de Trabajo y Resultados Esperados para la Asamblea<\/h1>\n\n\n\n<h3 class=\"wp-block-heading\">Metodolog\u00eda de Trabajo:<\/h3>\n\n\n\n<ol class=\"wp-block-list\">\n<li><strong>Enfoque \u00abVer, Juzgar y Actuar\u00bb<\/strong>: Esta metodolog\u00eda se estructura en tres etapas:\n<ul class=\"wp-block-list\">\n<li><strong>Ver<\/strong>: Observaci\u00f3n y recolecci\u00f3n de datos sobre la situaci\u00f3n actual en los distintos campos pastorales, facilitando un diagn\u00f3stico claro y compartido.<\/li>\n\n\n\n<li><strong>Juzgar<\/strong>: Reflexi\u00f3n colectiva sobre la informaci\u00f3n recopilada, analizando las fortalezas y debilidades de la pastoral actual y considerando las ense\u00f1anzas del proceso sinodal.<\/li>\n\n\n\n<li><strong>Actuar<\/strong>: Propuesta de acciones concretas que respondan a los desaf\u00edos identificados, dise\u00f1ando un plan de acci\u00f3n para el fortalecimiento pastoral.<\/li>\n<\/ul>\n<\/li>\n\n\n\n<li><strong>Exposiciones Tem\u00e1ticas<\/strong>: Presentaciones sobre los documentos oficiales de la primera etapa del s\u00ednodo, centradas en los ejes fundamentales: comuni\u00f3n, participaci\u00f3n y misi\u00f3n. Estas exposiciones ser\u00e1n clave para iluminar el proceso sinodal.<\/li>\n\n\n\n<li><strong>Din\u00e1micas de Trabajo en Grupos<\/strong>: Los participantes se dividir\u00e1n en grupos para discutir y profundizar en los temas tratados, promoviendo la colaboraci\u00f3n y el intercambio de ideas. Cada grupo presentar\u00e1 sus conclusiones y propuestas al plenario.<\/li>\n\n\n\n<li><strong>Reflexi\u00f3n y Compromiso<\/strong>: Se realizar\u00e1 una reflexi\u00f3n conjunta sobre los aprendizajes al final de la Asamblea, buscando el compromiso de cada participante para implementar las acciones acordadas en sus respectivas parroquias.<\/li>\n\n\n\n<li><strong>Evaluaci\u00f3n Continua<\/strong>: Se establecer\u00e1 un mecanismo de seguimiento para evaluar el impacto de las decisiones tomadas durante la Asamblea y facilitar la retroalimentaci\u00f3n sobre la implementaci\u00f3n de las acciones en el \u00e1mbito pastoral.<\/li>\n<\/ol>\n\n\n\n<h3 class=\"wp-block-heading\">Resultados Esperados:<\/h3>\n\n\n\n<ol class=\"wp-block-list\">\n<li><strong>Fortalecimiento de la Sinodalidad<\/strong>: Se espera un aumento en la participaci\u00f3n y colaboraci\u00f3n entre las parroquias, promoviendo un sentido de unidad y prop\u00f3sito com\u00fan en la pastoral de conjunto.<\/li>\n\n\n\n<li><strong>Identificaci\u00f3n de \u00c1reas de Mejora<\/strong>: Se generar\u00e1 un diagn\u00f3stico claro sobre la situaci\u00f3n actual de la di\u00f3cesis, identificando fortalezas y debilidades que servir\u00e1n como base para el desarrollo de estrategias efectivas.<\/li>\n\n\n\n<li><strong>Propuestas de Acci\u00f3n Concretas<\/strong>: Al finalizar la Asamblea, se contar\u00e1n con propuestas espec\u00edficas para abordar los desaf\u00edos identificados, contribuyendo al fortalecimiento de la pastoral en la di\u00f3cesis.<\/li>\n\n\n\n<li><strong>Compromiso de los Participantes<\/strong>: Se fomentar\u00e1 el compromiso individual y colectivo de los participantes para implementar las acciones acordadas, garantizando que los aprendizajes y decisiones de la Asamblea se traduzcan en pr\u00e1cticas efectivas en cada parroquia.<\/li>\n\n\n\n<li><strong>Materiales de Apoyo para Parroquias<\/strong>: Se desarrollar\u00e1n recursos formativos que se distribuir\u00e1n entre las parroquias, proporcionando herramientas \u00fatiles para guiar y fortalecer la pastoral en el contexto del proceso sinodal.<\/li>\n<\/ol>\n\n\n\n<h3 class=\"wp-block-heading\"><strong>Conclusiones:<\/strong><\/h3>\n\n\n\n<p><strong>Impulso de la Sinodalidad<\/strong>: Se enfatiz\u00f3 la necesidad de promover la sinodalidad en la di\u00f3cesis, fortaleciendo los pilares de comuni\u00f3n, participaci\u00f3n y misi\u00f3n, con el fin de mejorar la cohesi\u00f3n en la pastoral de conjunto.<\/p>\n\n\n\n<p><strong>Prioridad en la Pastoral de Conjunto<\/strong>: Los participantes subrayaron la urgencia de trabajar de manera colaborativa, superando enfoques individualistas, para construir una Iglesia m\u00e1s unida y enfocada en un prop\u00f3sito com\u00fan.<\/p>\n\n\n\n<p><strong>Reflexi\u00f3n sobre la Realidad Diocesana<\/strong>: Se acord\u00f3 la importancia de analizar la situaci\u00f3n actual de la di\u00f3cesis, identificando \u00e1reas de mejora y delineando un plan de acci\u00f3n conjunto para avanzar como \u00abperegrinos de esperanza\u00bb, enfrentando los desaf\u00edos sociales y eclesiales.<\/p>\n\n\n\n<p><strong>Elaboraci\u00f3n de Materiales de Apoyo para las Parroquias<\/strong>: Se propuso la creaci\u00f3n de materiales formativos basados en los aportes del CODIPAS, que puedan ser distribuidos en todas las parroquias, sirviendo como gu\u00eda para fortalecer la pastoral y apoyar el proceso sinodal, facilitando la participaci\u00f3n activa en la Asamblea.<\/p>\n\n\n\n<p><strong>Obispado de Yoro<\/strong><br><em>El Progreso, Yoro<\/em><\/p>\n\n\n\n<p><\/p>\n\n\n\n<p><\/p>\n\n\n\n<p>  <\/p>\n\n\n\n<p><\/p>\n\n\n\n<p><\/p>\n","protected":false},"excerpt":{"rendered":"<p>Obispado de Yoro, El Progreso Yoro, martes 8 de octubre del 2024 Informe elaborado por Marcial Vel\u00e1squez Almendares El martes 8 de octubre de 2024, se realiz\u00f3 la reuni\u00f3n de &hellip; <a class=\"readmore\" href=\"https:\/\/diocesisdeyoro.com\/blog\/?p=26662\">Seguir leyendo &rarr;<\/a><\/p>\n","protected":false},"author":3,"featured_media":0,"comment_status":"open","ping_status":"open","sticky":false,"template":"","format":"standard","meta":{"_themeisle_gutenberg_block_has_review":false,"footnotes":""},"categories":[2],"tags":[],"class_list":["post-26662","post","type-post","status-publish","format-standard","hentry","category-avisos"],"_links":{"self":[{"href":"https:\/\/diocesisdeyoro.com\/blog\/index.php?rest_route=\/wp\/v2\/posts\/26662","targetHints":{"allow":["GET"]}}],"collection":[{"href":"https:\/\/diocesisdeyoro.com\/blog\/index.php?rest_route=\/wp\/v2\/posts"}],"about":[{"href":"https:\/\/diocesisdeyoro.com\/blog\/index.php?rest_route=\/wp\/v2\/types\/post"}],"author":[{"embeddable":true,"href":"https:\/\/diocesisdeyoro.com\/blog\/index.php?rest_route=\/wp\/v2\/users\/3"}],"replies":[{"embeddable":true,"href":"https:\/\/diocesisdeyoro.com\/blog\/index.php?rest_route=%2Fwp%2Fv2%2Fcomments&post=26662"}],"version-history":[{"count":7,"href":"https:\/\/diocesisdeyoro.com\/blog\/index.php?rest_route=\/wp\/v2\/posts\/26662\/revisions"}],"predecessor-version":[{"id":26673,"href":"https:\/\/diocesisdeyoro.com\/blog\/index.php?rest_route=\/wp\/v2\/posts\/26662\/revisions\/26673"}],"wp:attachment":[{"href":"https:\/\/diocesisdeyoro.com\/blog\/index.php?rest_route=%2Fwp%2Fv2%2Fmedia&parent=26662"}],"wp:term":[{"taxonomy":"category","embeddable":true,"href":"https:\/\/diocesisdeyoro.com\/blog\/index.php?rest_route=%2Fwp%2Fv2%2Fcategories&post=26662"},{"taxonomy":"post_tag","embeddable":true,"href":"https:\/\/diocesisdeyoro.com\/blog\/index.php?rest_route=%2Fwp%2Fv2%2Ftags&post=26662"}],"curies":[{"name":"wp","href":"https:\/\/api.w.org\/{rel}","templated":true}]}}