{"id":4288,"date":"2020-03-11T11:40:37","date_gmt":"2020-03-11T17:40:37","guid":{"rendered":"http:\/\/diocesisdeyoro.com\/blog\/?p=4288"},"modified":"2020-03-11T12:45:13","modified_gmt":"2020-03-11T18:45:13","slug":"conferencia-episcopal-de-honduras-2","status":"publish","type":"post","link":"https:\/\/diocesisdeyoro.com\/blog\/?p=4288","title":{"rendered":"Conferencia Episcopal de Honduras"},"content":{"rendered":"\r\n<p>Los Laureles, Comayag\u00fcela, M.D.C. Honduras, C.A.<\/p>\r\n\r\n\r\n\r\n<p>MENSAJE Tiempo de Cuaresma: Camino hacia el perd\u00f3n,<br \/>la reconciliaci\u00f3n, la justicia y la verdad<\/p>\r\n\r\n\r\n\r\n<p>\u201c<em>En nombre de Cristo les rogamos que sereconcilien con Dios<\/em>\u201d,<br \/>(2 Corintios 5, 20)<\/p>\r\n\r\n\r\n\r\n<p>Los Obispos, miembros de la Conferencia Episcopal de Honduras (C.E.H.), deseamos compartir con todos los fieles algunos pensamientos que nos ayuden a reflexionar y a vivir con mayor dedicaci\u00f3n el Tiempo de Cuaresma, que inicia con el Mi\u00e9rcoles de Ceniza. Es un tiempo, como afirmaba el Papa Francisco durante su viaje apost\u00f3lico en Chile, <em>para recuperar el programa de vida de Jes\u00fas, en<\/em><em> nuestras comunidades cristianas y en todas aquellas personas de buena voluntad que apuestan por el futuro, que contin\u00faan so\u00f1ando, dej\u00e1ndose tocar e impregnar por el Esp\u00edritu de Dios, para<\/em> <em>construir un nuevo Pa\u00eds, donde brille la justicia y la verdad<\/em>.<!--more--><\/p>\r\n\r\n\r\n\r\n<p>1. El Tiempo de Cuaresma es una llamada a recuperar el horizonte de vida que la Iglesia contempla en el Calvario, donde se consuma y glorifica la entrega total del Amor infinito de Dios manifestado en Cristo Jes\u00fas; el cual \u201c<em>destruy\u00f3 el odio en la cruz, y<\/em> <em>habiendo hecho de los dos un solo pueblo, los reconcili\u00f3 con Dios por medio de la misma cruz<\/em>\u201d, (Ef 2,16). Del Crucificado brota la fuente de vida y de luz, que es el Esp\u00edritu de Aqu\u00e9l que resucit\u00f3 a Cristo de entre los muertos, (<em>Cfr<\/em>. Rm 8, 11). Por esto, el Santo Padre afirma que \u201c<em>Poner el Misterio Pascual en el centro de la vida significa sentir compasi\u00f3n por la llagas de Cristo crucificado, presentes en las numerosas v\u00edctimas inocentes de las guerras, de los abusos contra la vida, tanto del no nacido como del anciano, de las m\u00faltiples formas de violencia, de los desastres medioambientales, de la distribuci\u00f3n injusta de los bienes de la tierra, de la trata de las personas en todas sus formas y de<\/em> <em>la sed desenfrenada de ganancias, que es una forma de idolatr\u00eda<\/em>\u201d, (Mensaje para la Cuaresma 2020, n. 4).<\/p>\r\n\r\n\r\n\r\n<p>2. En este Misterio Pascual, Misterio de redenci\u00f3n, est\u00e1 la meta hacia la cual debemos avanzar si queremos edificar un Pa\u00eds donde reine la paz. Y ese camino comienza haciendo de nuestra Cuaresma un tiempo m\u00e1s intenso para la aut\u00e9ntica conversi\u00f3n a la que nos llama el Se\u00f1or (<em>Cfr<\/em>. Mc 1, 15); un tiempo para que, con su ayuda, podamos \u201c<em>poner orden frente a la confusi\u00f3n de nuestras vidas y de la sociedad, restablecer relaciones y di\u00e1logos rotos por la bipolaridad social, perdonar y sanar heridas por la violencia y la violaci\u00f3n de los derechos humanos, emprender nuevos di\u00e1logos<\/em> <em>para recuperar amistad social\u201d,<\/em> (Homil\u00eda del Papa Francisco, 16 de Febrero del 2020). Cuaresma es tiempo de gracia porque, en el fondo de todo este esfuerzo, lo que est\u00e1 en juego es nuestra salvaci\u00f3n personal, y la de toda la humanidad.<\/p>\r\n\r\n\r\n\r\n<p>3. Fruto de la conversi\u00f3n aut\u00e9ntica es la reconciliaci\u00f3n que puede darse, tanto por el ejercicio del perd\u00f3n por parte de quien ha recibido cualquier clase de ofensa, como por la resoluci\u00f3n de los conflictos, que llevan impl\u00edcitos delitos, ya sea en lo econ\u00f3mico, pol\u00edtico, moral o cultural. Por eso el Se\u00f1or nos sugiere: \u201c<em>Busca un arreglo con el que te pone pleito, cuanto antes, mientras vas todav\u00eda de camino; no sea que te entregue al juez, y el juez al guardia; y<\/em> <em>te metan en la c\u00e1rcel<\/em>\u201d, (Mt 5, 25). No es para eludir la justicia penal que contribuye a la paz social, sino para que sea iluminada por la misericordia que fructifica en el perd\u00f3n y la reconciliaci\u00f3n.<\/p>\r\n\r\n\r\n\r\n<p>4. El Compendio de la Doctrina Social de la Iglesia nos recuerda que \u201c<em>El perd\u00f3n rec\u00edproco no debe anular las exigencias de la justicia, ni mucho menos impedir el camino que conduce a la verdad: justicia y verdad representan, en cambio, los requisitos concretos de la reconciliaci\u00f3n<\/em>\u201d, (n. 518). Y, como consecuencia de las circunstancias que en Honduras estamos viviendo, es preciso destacar que <em>es necesario apelar a la conciencia moral y a la voluntad personal y pol\u00edtica<\/em>, para construir un Pa\u00eds en justicia y verdad, que garantice una verdadera paz a todos (<em>Cfr<\/em>. Mensaje del Santo Padre Francisco para la Jornada Mundial de la Paz 2020, n. 2).<\/p>\r\n\r\n\r\n\r\n<p>5. La Cuaresma tambi\u00e9n es tiempo para desterrar el odio, la rivalidad y la divisi\u00f3n, que atentan contra las relaciones humanas y destruyen la caridad fraterna. Es tambi\u00e9n un tiempo propicio para sanar las heridas acumuladas en el coraz\u00f3n de tantas personas; heridas que da\u00f1an a nuestras comunidades e instituciones. Es por ello que, sanando las heridas, se restablecen las relaciones de amistad y de confianza entre los hombres de nuestro tiempo; de igual manera, se restablecen las relaciones de justicia en nuestro sistema social y en el ejercicio de la actividad p\u00fablica, que deben actuar siempre con trasparencia para que resplandezca la verdad.<\/p>\r\n\r\n\r\n\r\n<p>6. Por estas razones, teniendo en cuenta la importancia y la necesidad de la reconciliaci\u00f3n en la situaci\u00f3n tan polarizada y llena de conflictos que vivimos en Honduras, pedimos a todas las Comunidades cristianas, parroquias, movimientos apost\u00f3licos y fieles en general, que promuevan el perd\u00f3n y la reconciliaci\u00f3n con la Campa\u00f1a de Evangelizaci\u00f3n 2020, que tiene como t\u00edtulo: \u201cUNA COMUNIDAD RECONCILIADA CONSTRUYE UN PA\u00cdS EN LA VERDAD Y LA JUSTICIA\u201d.<\/p>\r\n\r\n\r\n\r\n<p>Oramos al Se\u00f1or para que la reconciliaci\u00f3n est\u00e9 en el coraz\u00f3n de esta Cuaresma y nos lleve a un mayor gozo en la celebraci\u00f3n de la Pascua e invocamos a Mar\u00eda, signo de esperanza para los pueblos, suplicando que, con su acci\u00f3n maternal, nos ayude para que la Iglesia llegue a ser una Casa para muchos, una Madre para todos los pueblos y haga posible el nacimiento de un mundo nuevo y una Honduras nueva.<\/p>\r\n\r\n\r\n\r\n<p>Ciudad de Tegucigalpa. 24 de Febrero de 2020.<\/p>\r\n\r\n\r\n\r\n<p>S.E. Mons. \u00c1ngel Garachana P\u00e9rez\u00a0 \u00a0 \u00a0 \u00a0 \u00a0 \u00a0 \u00a0 \u00a0 \u00a0 Rev. P. Emigdio Duarte Figueroa<\/p>\r\n\r\n\r\n\r\n<p>\u00a0\u00a0 \u00a0\u00a0\u00a0Obispo de San Pedro Sula y\u00a0\u00a0\u00a0\u00a0\u00a0\u00a0\u00a0\u00a0\u00a0\u00a0\u00a0\u00a0\u00a0\u00a0\u00a0\u00a0\u00a0\u00a0\u00a0\u00a0\u00a0\u00a0\u00a0\u00a0\u00a0\u00a0\u00a0 \u00a0 Secretario General de la C.E.H.<\/p>\r\n\r\n\r\n\r\n<p>\u00a0\u00a0\u00a0\u00a0\u00a0\u00a0\u00a0 \u00a0\u00a0Presidente de la C.E.H.<\/p>\r\n","protected":false},"excerpt":{"rendered":"<p>Los Laureles, Comayag\u00fcela, M.D.C. Honduras, C.A. MENSAJE Tiempo de Cuaresma: Camino hacia el perd\u00f3n,la reconciliaci\u00f3n, la justicia y la verdad \u201cEn nombre de Cristo les rogamos que sereconcilien con Dios\u201d,(2 &hellip; <a class=\"readmore\" href=\"https:\/\/diocesisdeyoro.com\/blog\/?p=4288\">Seguir leyendo &rarr;<\/a><\/p>\n","protected":false},"author":3,"featured_media":0,"comment_status":"open","ping_status":"open","sticky":false,"template":"","format":"standard","meta":{"_themeisle_gutenberg_block_has_review":false,"footnotes":""},"categories":[2],"tags":[],"class_list":["post-4288","post","type-post","status-publish","format-standard","hentry","category-avisos"],"_links":{"self":[{"href":"https:\/\/diocesisdeyoro.com\/blog\/index.php?rest_route=\/wp\/v2\/posts\/4288","targetHints":{"allow":["GET"]}}],"collection":[{"href":"https:\/\/diocesisdeyoro.com\/blog\/index.php?rest_route=\/wp\/v2\/posts"}],"about":[{"href":"https:\/\/diocesisdeyoro.com\/blog\/index.php?rest_route=\/wp\/v2\/types\/post"}],"author":[{"embeddable":true,"href":"https:\/\/diocesisdeyoro.com\/blog\/index.php?rest_route=\/wp\/v2\/users\/3"}],"replies":[{"embeddable":true,"href":"https:\/\/diocesisdeyoro.com\/blog\/index.php?rest_route=%2Fwp%2Fv2%2Fcomments&post=4288"}],"version-history":[{"count":2,"href":"https:\/\/diocesisdeyoro.com\/blog\/index.php?rest_route=\/wp\/v2\/posts\/4288\/revisions"}],"predecessor-version":[{"id":4314,"href":"https:\/\/diocesisdeyoro.com\/blog\/index.php?rest_route=\/wp\/v2\/posts\/4288\/revisions\/4314"}],"wp:attachment":[{"href":"https:\/\/diocesisdeyoro.com\/blog\/index.php?rest_route=%2Fwp%2Fv2%2Fmedia&parent=4288"}],"wp:term":[{"taxonomy":"category","embeddable":true,"href":"https:\/\/diocesisdeyoro.com\/blog\/index.php?rest_route=%2Fwp%2Fv2%2Fcategories&post=4288"},{"taxonomy":"post_tag","embeddable":true,"href":"https:\/\/diocesisdeyoro.com\/blog\/index.php?rest_route=%2Fwp%2Fv2%2Ftags&post=4288"}],"curies":[{"name":"wp","href":"https:\/\/api.w.org\/{rel}","templated":true}]}}